{"id":53083,"date":"2024-08-05T09:33:11","date_gmt":"2024-08-05T12:33:11","guid":{"rendered":"http:\/\/www.sincomam.org.br\/?p=53083"},"modified":"2024-08-05T09:33:11","modified_gmt":"2024-08-05T12:33:11","slug":"marinha-promoveu-visitacao-aos-navios-ne-brasil-e-nam-atlantico-em-santos","status":"publish","type":"post","link":"https:\/\/www.sincomam.org.br\/index.php\/marinha-promoveu-visitacao-aos-navios-ne-brasil-e-nam-atlantico-em-santos\/","title":{"rendered":"Marinha promoveu visita\u00e7\u00e3o aos navios NE \u201cBrasil\u201d e NAM \u201cAtl\u00e2ntico\u201d em Santos"},"content":{"rendered":"<p>No dia 28 de julho, o Navio Aer\u00f3dromo Multiprop\u00f3sito (NAM) \u201cAtl\u00e2ntico\u201d e o Navio Escola (NE) \u201cBrasil\u201d abriram suas portas para visita\u00e7\u00e3o p\u00fablica no Cais da Capitania dos Portos de S\u00e3o Paulo, em Santos. A iniciativa atraiu 5.384 visitantes, oferecendo uma oportunidade \u00fanica para conhecer de perto as instala\u00e7\u00f5es e as capacidades desses importantes navios da Marinha do Brasil.<\/p>\n<p><strong>Detalhes da Visita\u00e7\u00e3o P\u00fablica<\/strong><\/p>\n<p>Durante o evento, os visitantes tiveram a oportunidade de explorar as instala\u00e7\u00f5es do NAM \u201cAtl\u00e2ntico\u201d e do NE \u201cBrasil. A visita\u00e7\u00e3o permitiu que os moradores e turistas da Baixada Santista conhecessem de perto a infraestrutura e as tecnologias empregadas nesses navios, al\u00e9m de interagirem com os tripulantes. Os visitantes aprenderam sobre as diversas fun\u00e7\u00f5es e miss\u00f5es realizadas pela\u00a0Marinha do Brasil, proporcionando um dia educativo e interativo para todos os presentes.<\/p>\n<p><strong>Objetivos da Iniciativa<\/strong><\/p>\n<p>A iniciativa de abrir os navios para visita\u00e7\u00e3o p\u00fablica teve como principal objetivo aproximar a popula\u00e7\u00e3o das atividades realizadas pela Marinha do Brasil. Promover o conhecimento sobre a import\u00e2ncia da Marinha e fomentar a mentalidade mar\u00edtima s\u00e3o essenciais para fortalecer o v\u00ednculo entre a institui\u00e7\u00e3o e a sociedade. A visita\u00e7\u00e3o p\u00fablica \u00e9 uma forma de demonstrar a transpar\u00eancia e a dedica\u00e7\u00e3o da Marinha em proteger e servir o pa\u00eds.<\/p>\n<p><strong>Aspecto Social do Evento<\/strong><\/p>\n<p>Al\u00e9m de promover a intera\u00e7\u00e3o com o p\u00fablico, o evento teve um car\u00e1ter social significativo. Foram arrecadados cerca de 500 kg de materiais, incluindo alimentos n\u00e3o perec\u00edveis e fraldas, que ser\u00e3o doados a institui\u00e7\u00f5es beneficentes da Baixada Santista. Esta a\u00e7\u00e3o solid\u00e1ria refor\u00e7a o compromisso da Marinha com o bem-estar social e contribui para apoiar aqueles que mais necessitam na regi\u00e3o. A arrecada\u00e7\u00e3o de donativos demonstra o papel ativo da Marinha em a\u00e7\u00f5es de responsabilidade social.<\/p>\n<p><strong>Import\u00e2ncia dos Navios Visitados<\/strong><\/p>\n<p>O NAM \u201cAtl\u00e2ntico\u201d \u00e9 um navio aer\u00f3dromo multiprop\u00f3sito que desempenha fun\u00e7\u00f5es vitais, como opera\u00e7\u00f5es de helic\u00f3pteros, apoio a miss\u00f5es de paz e opera\u00e7\u00f5es anf\u00edbias. Suas capacidades abrangentes fazem dele uma pe\u00e7a-chave na estrat\u00e9gia de defesa do Brasil. J\u00e1 o NE \u201cBrasil\u201d tem a miss\u00e3o educativa de formar futuros oficiais da Marinha, realizando viagens de instru\u00e7\u00e3o que complementam a forma\u00e7\u00e3o acad\u00eamica e pr\u00e1tica dos cadetes. Ambos os navios s\u00e3o cruciais para a Marinha do Brasil, desempenhando pap\u00e9is distintos, mas complementares, na defesa e na educa\u00e7\u00e3o naval.<\/p>\n<p>Fonte: Defesa em Foco<\/p>\n","protected":false},"excerpt":{"rendered":"<p>No dia 28 de julho, o Navio Aer\u00f3dromo Multiprop\u00f3sito (NAM) \u201cAtl\u00e2ntico\u201d e o Navio Escola (NE) \u201cBrasil\u201d abriram suas portas para visita\u00e7\u00e3o p\u00fablica no Cais&#8230;<\/p>\n","protected":false},"author":1527,"featured_media":53085,"comment_status":"closed","ping_status":"closed","sticky":false,"template":"","format":"standard","meta":{"footnotes":""},"categories":[6],"tags":[],"class_list":["post-53083","post","type-post","status-publish","format-standard","has-post-thumbnail","hentry","category-noticias"],"_links":{"self":[{"href":"https:\/\/www.sincomam.org.br\/index.php\/wp-json\/wp\/v2\/posts\/53083","targetHints":{"allow":["GET"]}}],"collection":[{"href":"https:\/\/www.sincomam.org.br\/index.php\/wp-json\/wp\/v2\/posts"}],"about":[{"href":"https:\/\/www.sincomam.org.br\/index.php\/wp-json\/wp\/v2\/types\/post"}],"author":[{"embeddable":true,"href":"https:\/\/www.sincomam.org.br\/index.php\/wp-json\/wp\/v2\/users\/1527"}],"replies":[{"embeddable":true,"href":"https:\/\/www.sincomam.org.br\/index.php\/wp-json\/wp\/v2\/comments?post=53083"}],"version-history":[{"count":1,"href":"https:\/\/www.sincomam.org.br\/index.php\/wp-json\/wp\/v2\/posts\/53083\/revisions"}],"predecessor-version":[{"id":53086,"href":"https:\/\/www.sincomam.org.br\/index.php\/wp-json\/wp\/v2\/posts\/53083\/revisions\/53086"}],"wp:featuredmedia":[{"embeddable":true,"href":"https:\/\/www.sincomam.org.br\/index.php\/wp-json\/wp\/v2\/media\/53085"}],"wp:attachment":[{"href":"https:\/\/www.sincomam.org.br\/index.php\/wp-json\/wp\/v2\/media?parent=53083"}],"wp:term":[{"taxonomy":"category","embeddable":true,"href":"https:\/\/www.sincomam.org.br\/index.php\/wp-json\/wp\/v2\/categories?post=53083"},{"taxonomy":"post_tag","embeddable":true,"href":"https:\/\/www.sincomam.org.br\/index.php\/wp-json\/wp\/v2\/tags?post=53083"}],"curies":[{"name":"wp","href":"https:\/\/api.w.org\/{rel}","templated":true}]}}