{"id":53072,"date":"2024-08-05T09:17:52","date_gmt":"2024-08-05T12:17:52","guid":{"rendered":"http:\/\/www.sincomam.org.br\/?p=53072"},"modified":"2024-08-05T09:26:11","modified_gmt":"2024-08-05T12:26:11","slug":"estudo-aponta-que-fretes-maritimos-continuarao-em-ascensao","status":"publish","type":"post","link":"https:\/\/www.sincomam.org.br\/index.php\/estudo-aponta-que-fretes-maritimos-continuarao-em-ascensao\/","title":{"rendered":"Estudo aponta que fretes mar\u00edtimos continuar\u00e3o em ascens\u00e3o"},"content":{"rendered":"<p>Nos \u00faltimos meses, o mercado de fretes mar\u00edtimos tem enfrentado uma s\u00e9rie de desafios que causaram um aumento nas tarifas de transporte. Fatores geopol\u00edticos, clim\u00e1ticos e log\u00edsticos est\u00e3o moldando um cen\u00e1rio de instabilidade e incerteza.<\/p>\n<p>De acordo com um estudo divulgado pela Logcomex, o frete m\u00e9dio mundial de cont\u00eaineres oscilou drasticamente entre janeiro de 2023 e maio de 2024. O valor atingiu US$ 4.200 por cont\u00eainer de 40 p\u00e9s em maio de 2024, ap\u00f3s uma baixa de US$ 1.342 em outubro de 2023. Esse aumento impacta diretamente nos custos das opera\u00e7\u00f5es de com\u00e9rcio exterior, refletindo nos pre\u00e7os finais dos produtos e na competitividade das empresas.<\/p>\n<p>A varia\u00e7\u00e3o nas cota\u00e7\u00f5es dos fretes mar\u00edtimos \u00e9 uma resposta \u00e0 din\u00e2mica de oferta e demanda, lembra a Logcomex em nota: quando o com\u00e9rcio global aumenta, a demanda por transporte mar\u00edtimo cresce, mas a oferta \u00e9 limitada. Desde outubro de 2023, ataques de rebeldes Houthis a embarca\u00e7\u00f5es no Mar Vermelho t\u00eam for\u00e7ado desvios de rota pelo Cabo da Boa Esperan\u00e7a. Esse desvio aumenta o tempo de viagem e reduz a oferta de transporte dispon\u00edvel, pressionando os pre\u00e7os para cima.<\/p>\n<div id=\"beacon_6da35b340e\"><\/div>\n<p>Al\u00e9m disso, a seca no Canal do Panam\u00e1 limitou o tr\u00e1fego de navios, exacerbando os problemas log\u00edsticos. A instabilidade clim\u00e1tica, combinada com eventos como o El Ni\u00f1o, tem impactado rotas alternativas, aumentando a complexidade e os custos operacionais.<\/p>\n<p>O custo do combust\u00edvel, refletido na sobretaxa Bunker Additional Fuel (BAF), \u00e9 um componente cr\u00edtico, oscilando conforme a cota\u00e7\u00e3o do petr\u00f3leo e a dist\u00e2ncia percorrida. Legisla\u00e7\u00f5es ambientais, como as metas de descarboniza\u00e7\u00e3o estabelecidas pela Organiza\u00e7\u00e3o Mar\u00edtima Internacional (IMO), tamb\u00e9m t\u00eam afetado o mercado, pressionando por uma maior efici\u00eancia energ\u00e9tica e mudan\u00e7as na infraestrutura portu\u00e1ria.<\/p>\n<p>Helmuth Hofstatter , CEO da Logcomex e analista do setor, comenta: &#8220;Ao final de 2023, muitos especialistas esperavam uma queda nos valores dos fretes mar\u00edtimos em 2024, devido a uma demanda global mais fraca, alta infla\u00e7\u00e3o e juros elevados, al\u00e9m da chegada de novos navios ao mercado. No entanto, a demanda adicional por rotas mais longas e os congestionamentos em portos absorveram essa capacidade extra.&#8221; Para o pr\u00f3ximo trimestre, durante o peak season, devido \u00e0 forma\u00e7\u00e3o de estoques para as festas de final de ano, os fretes m\u00e9dios globais devem continuar elevados.<\/p>\n<p>Fonte: Portos e Navios<\/p>\n","protected":false},"excerpt":{"rendered":"<p>Nos \u00faltimos meses, o mercado de fretes mar\u00edtimos tem enfrentado uma s\u00e9rie de desafios que causaram um aumento nas tarifas de transporte. Fatores geopol\u00edticos, clim\u00e1ticos&#8230;<\/p>\n","protected":false},"author":1527,"featured_media":53074,"comment_status":"closed","ping_status":"closed","sticky":false,"template":"","format":"standard","meta":{"footnotes":""},"categories":[6],"tags":[],"class_list":["post-53072","post","type-post","status-publish","format-standard","has-post-thumbnail","hentry","category-noticias"],"_links":{"self":[{"href":"https:\/\/www.sincomam.org.br\/index.php\/wp-json\/wp\/v2\/posts\/53072","targetHints":{"allow":["GET"]}}],"collection":[{"href":"https:\/\/www.sincomam.org.br\/index.php\/wp-json\/wp\/v2\/posts"}],"about":[{"href":"https:\/\/www.sincomam.org.br\/index.php\/wp-json\/wp\/v2\/types\/post"}],"author":[{"embeddable":true,"href":"https:\/\/www.sincomam.org.br\/index.php\/wp-json\/wp\/v2\/users\/1527"}],"replies":[{"embeddable":true,"href":"https:\/\/www.sincomam.org.br\/index.php\/wp-json\/wp\/v2\/comments?post=53072"}],"version-history":[{"count":1,"href":"https:\/\/www.sincomam.org.br\/index.php\/wp-json\/wp\/v2\/posts\/53072\/revisions"}],"predecessor-version":[{"id":53075,"href":"https:\/\/www.sincomam.org.br\/index.php\/wp-json\/wp\/v2\/posts\/53072\/revisions\/53075"}],"wp:featuredmedia":[{"embeddable":true,"href":"https:\/\/www.sincomam.org.br\/index.php\/wp-json\/wp\/v2\/media\/53074"}],"wp:attachment":[{"href":"https:\/\/www.sincomam.org.br\/index.php\/wp-json\/wp\/v2\/media?parent=53072"}],"wp:term":[{"taxonomy":"category","embeddable":true,"href":"https:\/\/www.sincomam.org.br\/index.php\/wp-json\/wp\/v2\/categories?post=53072"},{"taxonomy":"post_tag","embeddable":true,"href":"https:\/\/www.sincomam.org.br\/index.php\/wp-json\/wp\/v2\/tags?post=53072"}],"curies":[{"name":"wp","href":"https:\/\/api.w.org\/{rel}","templated":true}]}}