{"id":52978,"date":"2024-08-01T08:43:41","date_gmt":"2024-08-01T11:43:41","guid":{"rendered":"http:\/\/www.sincomam.org.br\/?p=52978"},"modified":"2024-08-01T08:43:41","modified_gmt":"2024-08-01T11:43:41","slug":"desemprego-cai-para-69-menor-indice-do-trimestre-desde-2014","status":"publish","type":"post","link":"https:\/\/www.sincomam.org.br\/index.php\/desemprego-cai-para-69-menor-indice-do-trimestre-desde-2014\/","title":{"rendered":"Desemprego cai para 6,9%, menor \u00edndice do trimestre desde 2014"},"content":{"rendered":"<p>A taxa de desemprego no trimestre encerrado em junho caiu para 6,9%, esse \u00e9 o menor resultado para um trimestre desde o terminado em janeiro de 2015, quando tamb\u00e9m marcou 6,9%. Observando apenas o per\u00edodo de tr\u00eas meses que vai at\u00e9 junho, \u00e9 o menor resultado j\u00e1 registrado, se igualando a 2014. Os dados fazem parte da Pesquisa Nacional por Amostra de Domic\u00edlios (Pnad) Cont\u00ednua, divulgada nesta quarta-feira (31) pelo Instituto Brasileiro de Geografia e Estat\u00edstica (IBGE).<img decoding=\"async\" src=\"https:\/\/agenciabrasil.ebc.com.br\/ebc.png?id=1606075&amp;o=node\" \/><img decoding=\"async\" src=\"https:\/\/agenciabrasil.ebc.com.br\/ebc.gif?id=1606075&amp;o=node\" \/><\/p>\n<p>No trimestre m\u00f3vel anterior, fechado em mar\u00e7o, a taxa de desemprego estava em 7,9%. J\u00e1 no segundo trimestre de 2023, o \u00edndice era de 8%. A marca atingida em junho \u00e9 menos da metade do pico da s\u00e9rie hist\u00f3rica do IBGE, em mar\u00e7o de 2021, quando a taxa alcan\u00e7ou 14,9%. \u00c0 \u00e9poca, era o auge da pandemia de covid-19. A s\u00e9rie se inicia em 2012. O resultado mais baixo j\u00e1 registrado \u00e9 de 6,3% em dezembro de 2013.<\/p>\n<p>No trimestre encerrado em junho, o n\u00famero de pessoas que procuravam trabalho ficou em 7,5 milh\u00f5es \u2013 o menor desde o trimestre encerrado em fevereiro de 2015. Isso representa queda de 12,5% no trimestre. J\u00e1 em rela\u00e7\u00e3o ao mesmo per\u00edodo do ano passado, a redu\u00e7\u00e3o foi de 12,8%.<\/p>\n<p>A popula\u00e7\u00e3o ocupada renovou mais um recorde, atingindo 101,8 milh\u00f5es de pessoas. Esse contingente \u00e9 1,6% maior que o do trimestre anterior e 3% superior ao do mesmo per\u00edodo do ano passado.<\/p>\n<h2>Cen\u00e1rio<\/h2>\n<p>A coordenadora de pesquisas domiciliares do IBGE, Adriana Beringuy, apontou que as tr\u00eas atividades com alta da ocupa\u00e7\u00e3o foram o com\u00e9rcio, a administra\u00e7\u00e3o p\u00fablica e as atividades de informa\u00e7\u00e3o e comunica\u00e7\u00e3o.<\/p>\n<p>A pesquisadora explicou que o comportamento do n\u00edvel de emprego \u00e9 reflexo de melhora do quadro geral das atividades econ\u00f4micas e do crescimento da renda e da popula\u00e7\u00e3o. Segundo ela, empresas e institui\u00e7\u00f5es vivenciam esse aquecimento econ\u00f4mico e fazem com que mais trabalho seja demandado para a produ\u00e7\u00e3o de bens e servi\u00e7os.<\/p>\n<p>&#8220;\u00c9 um mercado de trabalho que vem respondendo satisfatoriamente \u00e0 melhoria do quadro macroecon\u00f4mico, seja com crescimento do contingente de ocupados, como tamb\u00e9m a aspectos relacionados a melhor qualidade, mais emprego com carteira e tend\u00eancia do crescimento do rendimento m\u00e9dio dos trabalhadores&#8221;, afirmou.<\/p>\n<p>Ela acrescenta que os resultados n\u00e3o podem ser mais atribu\u00eddos unicamente \u00e0 recupera\u00e7\u00e3o p\u00f3s-pandemia. &#8220;Agora, em 2024, a gente tem o mercado de trabalho que tem respostas n\u00e3o apenas a um processo p\u00f3s-pandemia, mas tamb\u00e9m do funcionamento da atividade econ\u00f4mica, em um cen\u00e1rio mais relacionado a medidas macroecon\u00f4micas, que acabam favorecendo a absor\u00e7\u00e3o dos trabalhadores&#8221;.<\/p>\n<h2>Formais e informais<\/h2>\n<p>O n\u00famero de empregados no setor privado tamb\u00e9m foi o m\u00e1ximo j\u00e1 registrado, 52,2 milh\u00f5es, impulsionado por novos recordes do total de trabalhadores com carteira assinada (38,4 milh\u00f5es) e sem carteira (13,8 milh\u00f5es).<\/p>\n<p>&#8220;O emprego com carteira no setor privado n\u00e3o est\u00e1 deixando de crescer em fun\u00e7\u00e3o do aumento do sem carteira. H\u00e1 expans\u00e3o simult\u00e2nea de formalizados e n\u00e3o formalizados&#8221;, ressalta Adriana Beringuy.<\/p>\n<p>&#8220;A popula\u00e7\u00e3o formal vem crescendo em ritmo maior que a informal. Entre o primeiro e o segundo trimestres, os informais cresceram 1%; e os formais, 2%\u201d, emenda.<\/p>\n<p>A taxa de informalidade, que inclui empregados sem carteira assinada, empregadores sem CNPJ e trabalhador familiar auxiliar ficou em 38,6% do total de ocupados, contra 38,9 % no trimestre encerrado em mar\u00e7o e 39,2 % no mesmo trimestre de 2023.<\/p>\n<p>A Pnad mostra tamb\u00e9m o maior n\u00edvel j\u00e1 registrado de trabalhadores que contribu\u00edram para a previd\u00eancia. Foram cerca de 66,4 milh\u00f5es de pessoas, patamar que responde por 65,2% da popula\u00e7\u00e3o ocupada. Apesar do recorde em termos absolutos, a propor\u00e7\u00e3o de contribuintes fica ainda abaixo do ponto m\u00e1ximo da s\u00e9rie, que foi 66,5% no segundo trimestre de 2020.<\/p>\n<p>Adriana Beringuy explica que esse descasamento acontece porque, no processo de expans\u00e3o do n\u00famero de trabalhadores, h\u00e1 uma parcela de ocupados sem carteira assinada. &#8220;Esse emprego sem carteira, normalmente, n\u00e3o tem associa\u00e7\u00e3o com a contribui\u00e7\u00e3o previdenci\u00e1ria&#8221;, explicou.<\/p>\n<p>A popula\u00e7\u00e3o desalentada, ou seja, aquela que desistiu de procurar emprego por pensar que n\u00e3o encontrar\u00e1, recuou para 3,3 milh\u00f5es no trimestre encerrado em junho. Isso representa uma redu\u00e7\u00e3o de 9,6% no trimestre. \u00c9 tamb\u00e9m o menor contingente desde o trimestre encerrado em junho de 2016 (3,2 milh\u00f5es).<\/p>\n<h2>Rendimento<\/h2>\n<p>No trimestre encerrado em junho, o rendimento m\u00e9dio do trabalhador foi de R$ 3.214, com alta de 1,8% no trimestre e de 5,8% na compara\u00e7\u00e3o anual. \u00c9 tamb\u00e9m o maior desde o per\u00edodo de tr\u00eas meses encerrado em setembro de 2020.<\/p>\n<p>Com mais gente ocupada e aumento do rendimento m\u00e9dio, o Brasil teve no segundo trimestre de 2024 recorde da massa de rendimentos, que chegou a R$ 322,6 bilh\u00f5es. Esse \u00e9 o total de dinheiro que os trabalhadores recebem para movimentar a economia com consumo e poupan\u00e7a.<\/p>\n<p>A pesquisa do IBGE apura o comportamento no mercado de trabalho para pessoas com 14 anos ou mais e leva em conta todas as formas de ocupa\u00e7\u00e3o, seja emprego com ou sem carteira assinada, tempor\u00e1rio e por conta pr\u00f3pria, por exemplo. S\u00e3o visitados 211 mil domic\u00edlios em todos os estados e no Distrito Federal.<\/p>\n<h2>Caged<\/h2>\n<p>A divulga\u00e7\u00e3o do IBGE acontece um dia depois de serem conhecidos os dados do Cadastro Geral de Empregados e Desempregados (Novo Caged), compilado pelo Minist\u00e9rio do Trabalho e Emprego. Diferentemente da Pnad, o Caged traz dados apenas de emprego com carteira assinada.<\/p>\n<p>O Brasil fechou o m\u00eas de junho com saldo positivo de 201.705 empregos, o que representa expans\u00e3o de 29,5% ante o mesmo m\u00eas do ano passado. O resultado decorreu de 2.071.649 admiss\u00f5es e de 1.869.944 desligamentos.<\/p>\n<p>No acumulado do ano at\u00e9 junho, o saldo \u00e9 de 1,3 milh\u00e3o de vagas e, nos \u00faltimos 12 meses, 1,7 milh\u00e3o.<\/p>\n<p>Fonte: Ag\u00eancia Brasil<\/p>\n","protected":false},"excerpt":{"rendered":"<p>A taxa de desemprego no trimestre encerrado em junho caiu para 6,9%, esse \u00e9 o menor resultado para um trimestre desde o terminado em janeiro&#8230;<\/p>\n","protected":false},"author":1527,"featured_media":52980,"comment_status":"closed","ping_status":"closed","sticky":false,"template":"","format":"standard","meta":{"footnotes":""},"categories":[6],"tags":[],"class_list":["post-52978","post","type-post","status-publish","format-standard","has-post-thumbnail","hentry","category-noticias"],"_links":{"self":[{"href":"https:\/\/www.sincomam.org.br\/index.php\/wp-json\/wp\/v2\/posts\/52978","targetHints":{"allow":["GET"]}}],"collection":[{"href":"https:\/\/www.sincomam.org.br\/index.php\/wp-json\/wp\/v2\/posts"}],"about":[{"href":"https:\/\/www.sincomam.org.br\/index.php\/wp-json\/wp\/v2\/types\/post"}],"author":[{"embeddable":true,"href":"https:\/\/www.sincomam.org.br\/index.php\/wp-json\/wp\/v2\/users\/1527"}],"replies":[{"embeddable":true,"href":"https:\/\/www.sincomam.org.br\/index.php\/wp-json\/wp\/v2\/comments?post=52978"}],"version-history":[{"count":1,"href":"https:\/\/www.sincomam.org.br\/index.php\/wp-json\/wp\/v2\/posts\/52978\/revisions"}],"predecessor-version":[{"id":52981,"href":"https:\/\/www.sincomam.org.br\/index.php\/wp-json\/wp\/v2\/posts\/52978\/revisions\/52981"}],"wp:featuredmedia":[{"embeddable":true,"href":"https:\/\/www.sincomam.org.br\/index.php\/wp-json\/wp\/v2\/media\/52980"}],"wp:attachment":[{"href":"https:\/\/www.sincomam.org.br\/index.php\/wp-json\/wp\/v2\/media?parent=52978"}],"wp:term":[{"taxonomy":"category","embeddable":true,"href":"https:\/\/www.sincomam.org.br\/index.php\/wp-json\/wp\/v2\/categories?post=52978"},{"taxonomy":"post_tag","embeddable":true,"href":"https:\/\/www.sincomam.org.br\/index.php\/wp-json\/wp\/v2\/tags?post=52978"}],"curies":[{"name":"wp","href":"https:\/\/api.w.org\/{rel}","templated":true}]}}