{"id":52963,"date":"2024-08-01T07:18:32","date_gmt":"2024-08-01T10:18:32","guid":{"rendered":"http:\/\/www.sincomam.org.br\/?p=52963"},"modified":"2024-08-01T07:18:32","modified_gmt":"2024-08-01T10:18:32","slug":"brasil-reforca-defesa-contra-ataques-eletronicos","status":"publish","type":"post","link":"https:\/\/www.sincomam.org.br\/index.php\/brasil-reforca-defesa-contra-ataques-eletronicos\/","title":{"rendered":"Brasil refor\u00e7a defesa contra ataques eletr\u00f4nicos"},"content":{"rendered":"<p class=\"text-align-justify\">&#8220;Este n\u00e3o \u00e9 um incidente de seguran\u00e7a, nem um ataque cibern\u00e9tico\u201d, afirmou o CEO da CrowdStrike, George Kurtz, em seu perfil nas redes sociais, ap\u00f3s sua empresa ser respons\u00e1vel pelo maior apag\u00e3o tecnol\u00f3gico que o mundo j\u00e1 testemunhou. No \u00faltimo dia 19 de julho, uma falha na atualiza\u00e7\u00e3o de um <em>software<\/em> de seguran\u00e7a em sistemas digitais causou o colapso, afetando de servi\u00e7os banc\u00e1rios a de sa\u00fade, suspendendo voos e derrubando sinais de emissoras de TV.<\/p>\n<p class=\"text-align-justify\">Embora tenha sido descartada a sabotagem, a comunidade global p\u00f4de ter um vislumbre das consequ\u00eancias de uma ofensiva cibern\u00e9tica de grandes propor\u00e7\u00f5es. N\u00e3o \u00e0 toa, pa\u00edses membros da Organiza\u00e7\u00e3o do Tratado do Atl\u00e2ntico Norte (OTAN) anunciaram, neste m\u00eas, a forma\u00e7\u00e3o de um centro integrado de defesa cibern\u00e9tica para compartilhar informa\u00e7\u00f5es sobre poss\u00edveis amea\u00e7as e vulnerabilidades no ciberespa\u00e7o, incluindo infraestruturas civis privadas que apoiam atividades militares.<\/p>\n<p class=\"text-align-justify\">O Brasil n\u00e3o est\u00e1 atr\u00e1s nesta corrida. Desde 2010, o Pa\u00eds conta com o Comando de Defesa Cibern\u00e9tica (ComDCiber), no \u00e2mbito do Minist\u00e9rio da Defesa e sob coordena\u00e7\u00e3o do Ex\u00e9rcito Brasileiro, e este ano, a Marinha do Brasil criou um Esquadr\u00e3o de Guerra Cibern\u00e9tica, subordinado ao Comando Naval de Opera\u00e7\u00f5es Especiais. Em fase de implanta\u00e7\u00e3o, a nova organiza\u00e7\u00e3o ir\u00e1 ampliar a capacidade de pronta resposta a amea\u00e7as no dom\u00ednio cibern\u00e9tico dos sistemas de navios, viaturas e aeronaves, cada vez mais automatizados.<\/p>\n<h5 class=\"text-align-justify\">Quest\u00e3o de defesa nacional<\/h5>\n<p class=\"text-align-justify\">Um exemplo recente de sabotagem foi a invas\u00e3o de ciberpiratas russos ao sistema da gigante de telecomunica\u00e7\u00f5es ucraniana Kyivstar, que afetou cerca de 24 milh\u00f5es de usu\u00e1rios, em dezembro do ano passado. Em entrevista \u00e0 ag\u00eancia de not\u00edcias Reuters, o Chefe do Departamento de Ciberseguran\u00e7a, do Servi\u00e7o de Seguran\u00e7a da Ucr\u00e2nia, Illia Vitiuk definiu a a\u00e7\u00e3o como \u201cum ciberataque devastador, que destruiu completamente o cora\u00e7\u00e3o de uma operadora de telecomunica\u00e7\u00e3o\u201d.<\/p>\n<h5 class=\"text-align-justify\">Riscos da depend\u00eancia tecnol\u00f3gica<\/h5>\n<p class=\"text-align-justify\">As crescentes automatiza\u00e7\u00e3o e conectividade tornam as sociedades ainda mais sujeitas a crises como essa. \u201cA depend\u00eancia tecnol\u00f3gica externa contribui para ampliar amea\u00e7as em diversos aspectos, uma vez que passamos a n\u00e3o controlar todo o ciclo de desenvolvimento e integra\u00e7\u00e3o de nossos sistemas. Nesse contexto, a Marinha tem atuado para obter independ\u00eancia na integra\u00e7\u00e3o e no desenvolvimento de diversos projetos estrat\u00e9gicos\u201d, explica o Almirante (FN) Campos Mello.<\/p>\n<h5 class=\"text-align-justify\">Sinergia com a sociedade civil<\/h5>\n<p class=\"text-align-justify\">Em maio deste ano, militares da Marinha e das demais For\u00e7as Armadas tamb\u00e9m participaram do Cyber Flag 24-1, um dos principais exerc\u00edcios multinacionais de combate cibern\u00e9tico, coordenado pelo Comando Cibern\u00e9tico e pelo Departamento de Defesa dos Estados Unidos. O Chefe do Centro de Gest\u00e3o Estrat\u00e9gica do ComDCiber, Contra-Almirante Marcelo do Nascimento Marcelino, conta que ainda h\u00e1 convites para treinamentos coordenados por pa\u00edses como Chile, Jap\u00e3o e Reino Unido.<\/p>\n<p class=\"text-align-justify\">A iniciativa est\u00e1 alinhada \u00e0s a\u00e7\u00f5es do Estado brasileiro, que instituiu, em 2023, a Pol\u00edtica Nacional de Ciberseguran\u00e7a e o Comit\u00ea Nacional de Ciberseguran\u00e7a. \u201cReveste-se de fundamental import\u00e2ncia a sinergia entre as For\u00e7as Armadas e demais institui\u00e7\u00f5es do governo com a sociedade civil, a academia e o setor empresarial. Uma abordagem hol\u00edstica e colaborativa incentiva o compartilhamento de iniciativas e boas pr\u00e1ticas, com vistas a aumentar a resili\u00eancia cibern\u00e9tica do Pa\u00eds\u201d, avalia o Almirante Marcelino.<\/p>\n<p>Fonte: Ag\u00eancia Marinha de Not\u00edcias<\/p>\n","protected":false},"excerpt":{"rendered":"<p>&#8220;Este n\u00e3o \u00e9 um incidente de seguran\u00e7a, nem um ataque cibern\u00e9tico\u201d, afirmou o CEO da CrowdStrike, George Kurtz, em seu perfil nas redes sociais, ap\u00f3s&#8230;<\/p>\n","protected":false},"author":1527,"featured_media":52965,"comment_status":"closed","ping_status":"closed","sticky":false,"template":"","format":"standard","meta":{"footnotes":""},"categories":[6],"tags":[],"class_list":["post-52963","post","type-post","status-publish","format-standard","has-post-thumbnail","hentry","category-noticias"],"_links":{"self":[{"href":"https:\/\/www.sincomam.org.br\/index.php\/wp-json\/wp\/v2\/posts\/52963","targetHints":{"allow":["GET"]}}],"collection":[{"href":"https:\/\/www.sincomam.org.br\/index.php\/wp-json\/wp\/v2\/posts"}],"about":[{"href":"https:\/\/www.sincomam.org.br\/index.php\/wp-json\/wp\/v2\/types\/post"}],"author":[{"embeddable":true,"href":"https:\/\/www.sincomam.org.br\/index.php\/wp-json\/wp\/v2\/users\/1527"}],"replies":[{"embeddable":true,"href":"https:\/\/www.sincomam.org.br\/index.php\/wp-json\/wp\/v2\/comments?post=52963"}],"version-history":[{"count":1,"href":"https:\/\/www.sincomam.org.br\/index.php\/wp-json\/wp\/v2\/posts\/52963\/revisions"}],"predecessor-version":[{"id":52966,"href":"https:\/\/www.sincomam.org.br\/index.php\/wp-json\/wp\/v2\/posts\/52963\/revisions\/52966"}],"wp:featuredmedia":[{"embeddable":true,"href":"https:\/\/www.sincomam.org.br\/index.php\/wp-json\/wp\/v2\/media\/52965"}],"wp:attachment":[{"href":"https:\/\/www.sincomam.org.br\/index.php\/wp-json\/wp\/v2\/media?parent=52963"}],"wp:term":[{"taxonomy":"category","embeddable":true,"href":"https:\/\/www.sincomam.org.br\/index.php\/wp-json\/wp\/v2\/categories?post=52963"},{"taxonomy":"post_tag","embeddable":true,"href":"https:\/\/www.sincomam.org.br\/index.php\/wp-json\/wp\/v2\/tags?post=52963"}],"curies":[{"name":"wp","href":"https:\/\/api.w.org\/{rel}","templated":true}]}}