{"id":52939,"date":"2024-07-31T07:48:36","date_gmt":"2024-07-31T10:48:36","guid":{"rendered":"http:\/\/www.sincomam.org.br\/?p=52939"},"modified":"2024-07-31T07:48:36","modified_gmt":"2024-07-31T10:48:36","slug":"navios-verdes-tem-prioridade-de-atracacao-nos-portos-paranaenses","status":"publish","type":"post","link":"https:\/\/www.sincomam.org.br\/index.php\/navios-verdes-tem-prioridade-de-atracacao-nos-portos-paranaenses\/","title":{"rendered":"Navios Verdes t\u00eam prioridade de atraca\u00e7\u00e3o nos portos paranaenses"},"content":{"rendered":"<p>Os navios sustent\u00e1veis, conhecidos como navios verdes, tem prioridade nos portos paranaenses. A medida faz parte do regulamento de Programa\u00e7\u00f5es, Opera\u00e7\u00f5es e Atraca\u00e7\u00f5es de Navios \u2013 Edi\u00e7\u00e3o 2023, e beneficiar\u00e3o as embarca\u00e7\u00f5es com estruturas de matriz energ\u00e9ticas focadas na redu\u00e7\u00e3o de emiss\u00f5es de gases do efeito estufa.<\/p>\n<p>O diretor-presidente da Portos do Paran\u00e1, Luiz Fernando Garcia, explica que a atraca\u00e7\u00e3o priorit\u00e1ria concede ber\u00e7os preferenciais, independente da ordem cronol\u00f3gica de chegada. \u201cA regra foi definida buscando fidelizar navios sustent\u00e1veis em Paranagu\u00e1, seguindo nosso objetivo de liderar as quest\u00f5es relacionadas \u00e0 sustentabilidade e processos ambientais\u201d, enfatizou Garcia.<\/p>\n<p>Segundo o diretor de Meio Ambiente, Jo\u00e3o Paulo Santana, a implanta\u00e7\u00e3o desta medida \u00e9 importante justamente para refor\u00e7ar o compromisso da empresa p\u00fablica com a Agenda 2030 e os seus objetivos de desenvolvimento sustent\u00e1vel, em especial no setor portu\u00e1rio. \u201cAl\u00e9m de buscarmos a descarboniza\u00e7\u00e3o dos portos paranaenses, estamos incentivando que cada vez mais os navios ecol\u00f3gicos tenham como destino o Estado do Paran\u00e1\u201d, refor\u00e7ou Santana.<\/p>\n<p>O diretor de opera\u00e7\u00f5es da Portos do Paran\u00e1, Gabriel Vieira, afirma que a medida busca incentivar as empresas a investirem na redu\u00e7\u00e3o de emiss\u00f5es de CO2. \u201cEsta mudan\u00e7a no regulamento trouxe uma agilidade na opera\u00e7\u00e3o de navios sustent\u00e1veis, atraindo cada vez mais navios verdes para os portos paranaenses\u201d, enfatizou Vieira.<\/p>\n<p><strong>Outras a\u00e7\u00f5es sustent\u00e1veis da Portos do Paran\u00e1<\/strong><\/p>\n<p>Atualmente, a Portos do Paran\u00e1 \u00e9 o \u00fanico porto a ser convidado para o evento anual realizado pelas Na\u00e7\u00f5es Unidas sobre mudan\u00e7as clim\u00e1ticas, a COP (Confer\u00eancia das Partes). Al\u00e9m disso, a Portos do Paran\u00e1 assinou uma parceria com o Porto de Rotterdam, na Holanda, para estabelecer o desenvolvimento de energias renov\u00e1veis nos portos de Paranagu\u00e1 e Antonina. A assinatura do memorando de entendimento, em 2023, faz parte do programa de colabora\u00e7\u00e3o Green Ports Partnership (Parceria para Portos Verdes), que tem dura\u00e7\u00e3o de tr\u00eas anos. A Portos do Paran\u00e1 tamb\u00e9m \u00e9 o \u00fanico Porto P\u00fablico com a certifica\u00e7\u00e3o Ecoports, refer\u00eancia internacional na \u00e1rea da gest\u00e3o ambiental portu\u00e1ria<\/p>\n<p>Fonte: Informativo dos Portos<\/p>\n","protected":false},"excerpt":{"rendered":"<p>Os navios sustent\u00e1veis, conhecidos como navios verdes, tem prioridade nos portos paranaenses. A medida faz parte do regulamento de Programa\u00e7\u00f5es, Opera\u00e7\u00f5es e Atraca\u00e7\u00f5es de Navios&#8230;<\/p>\n","protected":false},"author":1527,"featured_media":52941,"comment_status":"closed","ping_status":"closed","sticky":false,"template":"","format":"standard","meta":{"footnotes":""},"categories":[6],"tags":[],"class_list":["post-52939","post","type-post","status-publish","format-standard","has-post-thumbnail","hentry","category-noticias"],"_links":{"self":[{"href":"https:\/\/www.sincomam.org.br\/index.php\/wp-json\/wp\/v2\/posts\/52939","targetHints":{"allow":["GET"]}}],"collection":[{"href":"https:\/\/www.sincomam.org.br\/index.php\/wp-json\/wp\/v2\/posts"}],"about":[{"href":"https:\/\/www.sincomam.org.br\/index.php\/wp-json\/wp\/v2\/types\/post"}],"author":[{"embeddable":true,"href":"https:\/\/www.sincomam.org.br\/index.php\/wp-json\/wp\/v2\/users\/1527"}],"replies":[{"embeddable":true,"href":"https:\/\/www.sincomam.org.br\/index.php\/wp-json\/wp\/v2\/comments?post=52939"}],"version-history":[{"count":1,"href":"https:\/\/www.sincomam.org.br\/index.php\/wp-json\/wp\/v2\/posts\/52939\/revisions"}],"predecessor-version":[{"id":52942,"href":"https:\/\/www.sincomam.org.br\/index.php\/wp-json\/wp\/v2\/posts\/52939\/revisions\/52942"}],"wp:featuredmedia":[{"embeddable":true,"href":"https:\/\/www.sincomam.org.br\/index.php\/wp-json\/wp\/v2\/media\/52941"}],"wp:attachment":[{"href":"https:\/\/www.sincomam.org.br\/index.php\/wp-json\/wp\/v2\/media?parent=52939"}],"wp:term":[{"taxonomy":"category","embeddable":true,"href":"https:\/\/www.sincomam.org.br\/index.php\/wp-json\/wp\/v2\/categories?post=52939"},{"taxonomy":"post_tag","embeddable":true,"href":"https:\/\/www.sincomam.org.br\/index.php\/wp-json\/wp\/v2\/tags?post=52939"}],"curies":[{"name":"wp","href":"https:\/\/api.w.org\/{rel}","templated":true}]}}