{"id":52879,"date":"2024-07-29T08:06:07","date_gmt":"2024-07-29T11:06:07","guid":{"rendered":"http:\/\/www.sincomam.org.br\/?p=52879"},"modified":"2024-07-29T08:06:07","modified_gmt":"2024-07-29T11:06:07","slug":"soamar-brasil-celebra-45-anos-de-promocao-da-consciencia-maritima","status":"publish","type":"post","link":"https:\/\/www.sincomam.org.br\/index.php\/soamar-brasil-celebra-45-anos-de-promocao-da-consciencia-maritima\/","title":{"rendered":"SOAMAR Brasil celebra 45 anos de promo\u00e7\u00e3o da consci\u00eancia mar\u00edtima"},"content":{"rendered":"<p>Em 27 de julho de 1979, a cria\u00e7\u00e3o da SOAMAR-Brasil marcou o in\u00edcio de uma jornada dedicada a fortalecer a cultura mar\u00edtima no Brasil. Presidida pelo Almirante Maximiano Eduardo da Silva Fonseca, a conven\u00e7\u00e3o nacional uniu diversas entidades regionais em um esfor\u00e7o coletivo para estreitar os la\u00e7os dos brasileiros com o mar e promover a Economia Azul.<\/p>\n<p><strong>Cria\u00e7\u00e3o e objetivos iniciais<\/strong><\/p>\n<div class=\"td-g-rec td-g-rec-id-content_inline tdi_2 td_block_template_11\">\n<p>A 1\u00aa Conven\u00e7\u00e3o Nacional das Sociedades Amigos da Marinha foi um evento hist\u00f3rico que reuniu diversas entidades regionais para formar a SOAMAR-Brasil. O objetivo era criar uma organiza\u00e7\u00e3o que representasse essas entidades em \u00e2mbito nacional, promovendo a consci\u00eancia mar\u00edtima e estreitando a rela\u00e7\u00e3o dos cidad\u00e3os com o mar.<\/p>\n<p><strong>Papel do Almirante Maximiano Eduardo da Silva Fonseca<\/strong><\/p>\n<p>A sess\u00e3o inaugural foi presidida pelo ent\u00e3o Ministro da Marinha, Almirante de Esquadra Maximiano Eduardo da Silva Fonseca. Sua lideran\u00e7a e vis\u00e3o foram fundamentais para a cria\u00e7\u00e3o e consolida\u00e7\u00e3o da SOAMAR, estabelecendo um v\u00ednculo duradouro entre a sociedade civil e a\u00a0Marinha do Brasil.<\/p>\n<p><strong>Desenvolvimento e expans\u00e3o das unidades regionais<\/strong><\/p>\n<p>Desde sua funda\u00e7\u00e3o, a SOAMAR-Brasil cresceu significativamente, passando de um pequeno grupo de entidades regionais para uma rede robusta com 63 unidades pelo pa\u00eds e uma representa\u00e7\u00e3o em Portugal. Esse crescimento reflete o sucesso da organiza\u00e7\u00e3o em promover a cultura do mar e a import\u00e2ncia da Economia Azul.<\/p>\n<p>Fonte: Defesa em Foco<\/p>\n<\/div>\n","protected":false},"excerpt":{"rendered":"<p>Em 27 de julho de 1979, a cria\u00e7\u00e3o da SOAMAR-Brasil marcou o in\u00edcio de uma jornada dedicada a fortalecer a cultura mar\u00edtima no Brasil. Presidida&#8230;<\/p>\n","protected":false},"author":1527,"featured_media":52881,"comment_status":"closed","ping_status":"closed","sticky":false,"template":"","format":"standard","meta":{"footnotes":""},"categories":[6],"tags":[],"class_list":["post-52879","post","type-post","status-publish","format-standard","has-post-thumbnail","hentry","category-noticias"],"_links":{"self":[{"href":"https:\/\/www.sincomam.org.br\/index.php\/wp-json\/wp\/v2\/posts\/52879","targetHints":{"allow":["GET"]}}],"collection":[{"href":"https:\/\/www.sincomam.org.br\/index.php\/wp-json\/wp\/v2\/posts"}],"about":[{"href":"https:\/\/www.sincomam.org.br\/index.php\/wp-json\/wp\/v2\/types\/post"}],"author":[{"embeddable":true,"href":"https:\/\/www.sincomam.org.br\/index.php\/wp-json\/wp\/v2\/users\/1527"}],"replies":[{"embeddable":true,"href":"https:\/\/www.sincomam.org.br\/index.php\/wp-json\/wp\/v2\/comments?post=52879"}],"version-history":[{"count":1,"href":"https:\/\/www.sincomam.org.br\/index.php\/wp-json\/wp\/v2\/posts\/52879\/revisions"}],"predecessor-version":[{"id":52882,"href":"https:\/\/www.sincomam.org.br\/index.php\/wp-json\/wp\/v2\/posts\/52879\/revisions\/52882"}],"wp:featuredmedia":[{"embeddable":true,"href":"https:\/\/www.sincomam.org.br\/index.php\/wp-json\/wp\/v2\/media\/52881"}],"wp:attachment":[{"href":"https:\/\/www.sincomam.org.br\/index.php\/wp-json\/wp\/v2\/media?parent=52879"}],"wp:term":[{"taxonomy":"category","embeddable":true,"href":"https:\/\/www.sincomam.org.br\/index.php\/wp-json\/wp\/v2\/categories?post=52879"},{"taxonomy":"post_tag","embeddable":true,"href":"https:\/\/www.sincomam.org.br\/index.php\/wp-json\/wp\/v2\/tags?post=52879"}],"curies":[{"name":"wp","href":"https:\/\/api.w.org\/{rel}","templated":true}]}}