{"id":52875,"date":"2024-07-29T08:02:35","date_gmt":"2024-07-29T11:02:35","guid":{"rendered":"http:\/\/www.sincomam.org.br\/?p=52875"},"modified":"2024-07-29T08:02:35","modified_gmt":"2024-07-29T11:02:35","slug":"navio-de-366-metros-atraca-pela-primeira-vez-no-porto-de-salvador","status":"publish","type":"post","link":"https:\/\/www.sincomam.org.br\/index.php\/navio-de-366-metros-atraca-pela-primeira-vez-no-porto-de-salvador\/","title":{"rendered":"Navio de 366 metros atraca pela primeira vez no Porto de Salvador"},"content":{"rendered":"<p>Em um marco hist\u00f3rico para a navega\u00e7\u00e3o brasileira, o Terminal de Cont\u00eaineres do Porto de Salvador (Tecon) recebe na pr\u00f3xima quarta-feira (24), o primeiro navio com 366 metros de comprimento a atracar em um cais de todo o Nordeste, sendo tamb\u00e9m pela primeira vez a operar no Brasil com carga m\u00e1xima.<\/p>\n<p>Com a chegada do navio MSC Orion, o Porto de Salvador se consolida como hub de longo curso na Regi\u00e3o Nordeste. A embarca\u00e7\u00e3o vai operar com a capacidade m\u00e1xima de 15 mil TEUs (cont\u00eainer padr\u00e3o de 20 p\u00e9s), o que equivale a 100 mil toneladas.<\/p>\n<p>Esse tipo de opera\u00e7\u00e3o pioneira s\u00f3 foi poss\u00edvel a partir da utiliza\u00e7\u00e3o de um sistema de calado din\u00e2mico \u2013 ferramenta que permite o cruzamento de dados sobre as caracter\u00edsticas das embarca\u00e7\u00f5es, ventos, correntes, ondas e mar\u00e9s, para otimiza\u00e7\u00e3o da utiliza\u00e7\u00e3o dos canais de acesso, em situa\u00e7\u00f5es de restri\u00e7\u00e3o de quilha \u2013 o sistema ReDRAFT.<\/p>\n<p>A autoriza\u00e7\u00e3o para atracamento e opera\u00e7\u00e3o foi concedida em maio de 2024, em a\u00e7\u00e3o conjunta da Autoridade Portu\u00e1ria da Bahia (Codeba) com arrendat\u00e1rios e a Marinha do Brasil, atrav\u00e9s da Capitania dos Portos do 2\u00ba Distrito Naval.<\/p>\n<p>A t\u00e3o aguardada chegada dos navios porta-cont\u00eaineres da classe 366 m, com carga total, vai permitir um crescimento exponencial na movimenta\u00e7\u00e3o de cargas no Tecon Salvador, que \u00e9 administrado pelo Grupo Wilson Sons, um dos arrendat\u00e1rios da Codeba.<\/p>\n<p>Fonte: Informativo dos Portos<\/p>\n","protected":false},"excerpt":{"rendered":"<p>Em um marco hist\u00f3rico para a navega\u00e7\u00e3o brasileira, o Terminal de Cont\u00eaineres do Porto de Salvador (Tecon) recebe na pr\u00f3xima quarta-feira (24), o primeiro navio&#8230;<\/p>\n","protected":false},"author":1527,"featured_media":52877,"comment_status":"closed","ping_status":"closed","sticky":false,"template":"","format":"standard","meta":{"footnotes":""},"categories":[6],"tags":[],"class_list":["post-52875","post","type-post","status-publish","format-standard","has-post-thumbnail","hentry","category-noticias"],"_links":{"self":[{"href":"https:\/\/www.sincomam.org.br\/index.php\/wp-json\/wp\/v2\/posts\/52875","targetHints":{"allow":["GET"]}}],"collection":[{"href":"https:\/\/www.sincomam.org.br\/index.php\/wp-json\/wp\/v2\/posts"}],"about":[{"href":"https:\/\/www.sincomam.org.br\/index.php\/wp-json\/wp\/v2\/types\/post"}],"author":[{"embeddable":true,"href":"https:\/\/www.sincomam.org.br\/index.php\/wp-json\/wp\/v2\/users\/1527"}],"replies":[{"embeddable":true,"href":"https:\/\/www.sincomam.org.br\/index.php\/wp-json\/wp\/v2\/comments?post=52875"}],"version-history":[{"count":1,"href":"https:\/\/www.sincomam.org.br\/index.php\/wp-json\/wp\/v2\/posts\/52875\/revisions"}],"predecessor-version":[{"id":52878,"href":"https:\/\/www.sincomam.org.br\/index.php\/wp-json\/wp\/v2\/posts\/52875\/revisions\/52878"}],"wp:featuredmedia":[{"embeddable":true,"href":"https:\/\/www.sincomam.org.br\/index.php\/wp-json\/wp\/v2\/media\/52877"}],"wp:attachment":[{"href":"https:\/\/www.sincomam.org.br\/index.php\/wp-json\/wp\/v2\/media?parent=52875"}],"wp:term":[{"taxonomy":"category","embeddable":true,"href":"https:\/\/www.sincomam.org.br\/index.php\/wp-json\/wp\/v2\/categories?post=52875"},{"taxonomy":"post_tag","embeddable":true,"href":"https:\/\/www.sincomam.org.br\/index.php\/wp-json\/wp\/v2\/tags?post=52875"}],"curies":[{"name":"wp","href":"https:\/\/api.w.org\/{rel}","templated":true}]}}