{"id":52867,"date":"2024-07-29T07:59:07","date_gmt":"2024-07-29T10:59:07","guid":{"rendered":"http:\/\/www.sincomam.org.br\/?p=52867"},"modified":"2024-07-29T07:59:07","modified_gmt":"2024-07-29T10:59:07","slug":"aps-pede-reconsideracao-do-tracado-do-tunel-em-santos-sem-desapropriacao","status":"publish","type":"post","link":"https:\/\/www.sincomam.org.br\/index.php\/aps-pede-reconsideracao-do-tracado-do-tunel-em-santos-sem-desapropriacao\/","title":{"rendered":"APS pede reconsidera\u00e7\u00e3o do tra\u00e7ado do t\u00fanel em Santos sem desapropria\u00e7\u00e3o"},"content":{"rendered":"<p>A Autoridade Portu\u00e1ria de Santos (APS) enviou of\u00edcio \u00e0 Companhia Ambiental do Estado de S\u00e3o Paulo (Cetesb) na sexta-feira (26), pedindo a revis\u00e3o da proposta sobre o tra\u00e7ado do t\u00fanel. O documento foi apresentado sem consultar a APS e segundo a autoridade portu\u00e1ria poderia resultar em 66 desapropria\u00e7\u00f5es residenciais, exatamente o contr\u00e1rio do que vinha sendo amplamente debatido e definido pelo porto.<\/p>\n<p>O of\u00edcio foi assinado pelo presidente da APS, Anderson Pomini; pelo diretor de Infraestrutura, Orlando Raz\u00f5es; pelo superintendente de Engenharia, Daniel Paes de Barros Tamburus; e pelo superintendente de Meio Ambiente, Sa\u00fade e Seguran\u00e7a do Trabalho, Ricardo de Sousa.<\/p>\n<p>O of\u00edcio, endere\u00e7ado \u00e0 diretora de Avalia\u00e7\u00e3o de Impacto Ambiental da Cetesb, Mayla Matsuzaki Fukushima, ressalta que nesta nova proposta de tra\u00e7ado n\u00e3o houve a participa\u00e7\u00e3o e anu\u00eancia de todos os entes signat\u00e1rios do empreendimento, como previsto no Acordo de Coopera\u00e7\u00e3o T\u00e9cnica. A APS requer a rean\u00e1lise dos estudos, \u201chaja vista os impactos sociais e socioambientais negativos do tra\u00e7ado indicado pela conclus\u00e3o unilateral estampada no EIA\/RIMA da lavra da Funda\u00e7\u00e3o Instituto de Pesquisas Econ\u00f4micas \u2013 FIPE\u201d.<\/p>\n<p>A APS pediu tamb\u00e9m que seja dada ci\u00eancia deste of\u00edcio a todos os demais signat\u00e1rios do Acordo de Coopera\u00e7\u00e3o T\u00e9cnica entre os governos federal e estadual, assinado em 16 de fevereiro deste ano. Tamb\u00e9m assinaram o acordo a Ag\u00eancia Nacional de Transportes Aquavi\u00e1rios (Antaq); o Minist\u00e9rio de Portos e Aeroportos e a Ag\u00eancia Reguladora de Servi\u00e7os P\u00fablicos Delegados de Transporte do Estado de S\u00e3o Paulo (Artesp).<\/p>\n<p>A preocupa\u00e7\u00e3o da APS \u00e9 justamente a mitiga\u00e7\u00e3o de danos e transtornos \u00e0 popula\u00e7\u00e3o local, bem como o menor custo efetivo ao projeto com desapropria\u00e7\u00f5es e indeniza\u00e7\u00f5es, priorizando o uso de \u00e1reas p\u00fablicas federais administradas pela APS e a melhor otimiza\u00e7\u00e3o do tra\u00e7ado, permitindo a inclus\u00e3o do VLT na travessia do t\u00fanel. O presidente da APS, Anderson Pomini, tem frisado aos moradores do Macuco, bairro de Santos, que sua meta sempre foi evitar desapropria\u00e7\u00f5es residenciais, os impactos nas opera\u00e7\u00f5es portu\u00e1rias e ainda, que a engenharia poder\u00e1 equacionar qualquer conflito nesse sentido, preservando a boa capacidade de movimenta\u00e7\u00e3o de cargas no porto e o respeito \u00e0 popula\u00e7\u00e3o local.<\/p>\n<p>\u201cN\u00e3o foram realizadas mais de 20 reuni\u00f5es com toda a comunidade litor\u00e2nea, engenheiros e especialistas nesses \u00faltimos 14 meses em v\u00e3o\u201d, disse Pomini.<\/p>\n<p>A alternativa, elaborada em 2023, buscou reduzir o impacto de desapropria\u00e7\u00e3o no lado Santos e trouxe uma proposta de inclus\u00e3o do VLT, entretanto sem acesso direto \u00e0s galerias do t\u00fanel imerso, sendo necess\u00e1rio o desembarque dos passageiros, utiliza\u00e7\u00e3o de pr\u00e9dio de acesso de pedestres e ciclistas para chegar \u00e0 cota do t\u00fanel, entre outras provid\u00eancias. A solu\u00e7\u00e3o adotada de transbordo para o VLT na Alternativa APS 2023 \u00e9 comum em sistemas ferrovi\u00e1rios subterr\u00e2neos, como no Metropolitano de S\u00e3o Paulo.<\/p>\n<p>O of\u00edcio destaca ainda: \u201cOutras caracter\u00edsticas t\u00e9cnicas e premissas adotadas dever\u00e3o ser sempre previamente discutidas entre os membros do acordo de coopera\u00e7\u00e3o t\u00e9cnica, visando a melhoria da solu\u00e7\u00e3o alternativa APS 2023\u201d.<\/p>\n<p>Fonte: Portos e Navios<\/p>\n","protected":false},"excerpt":{"rendered":"<p>A Autoridade Portu\u00e1ria de Santos (APS) enviou of\u00edcio \u00e0 Companhia Ambiental do Estado de S\u00e3o Paulo (Cetesb) na sexta-feira (26), pedindo a revis\u00e3o da proposta&#8230;<\/p>\n","protected":false},"author":1527,"featured_media":52869,"comment_status":"closed","ping_status":"closed","sticky":false,"template":"","format":"standard","meta":{"footnotes":""},"categories":[6],"tags":[],"class_list":["post-52867","post","type-post","status-publish","format-standard","has-post-thumbnail","hentry","category-noticias"],"_links":{"self":[{"href":"https:\/\/www.sincomam.org.br\/index.php\/wp-json\/wp\/v2\/posts\/52867","targetHints":{"allow":["GET"]}}],"collection":[{"href":"https:\/\/www.sincomam.org.br\/index.php\/wp-json\/wp\/v2\/posts"}],"about":[{"href":"https:\/\/www.sincomam.org.br\/index.php\/wp-json\/wp\/v2\/types\/post"}],"author":[{"embeddable":true,"href":"https:\/\/www.sincomam.org.br\/index.php\/wp-json\/wp\/v2\/users\/1527"}],"replies":[{"embeddable":true,"href":"https:\/\/www.sincomam.org.br\/index.php\/wp-json\/wp\/v2\/comments?post=52867"}],"version-history":[{"count":1,"href":"https:\/\/www.sincomam.org.br\/index.php\/wp-json\/wp\/v2\/posts\/52867\/revisions"}],"predecessor-version":[{"id":52870,"href":"https:\/\/www.sincomam.org.br\/index.php\/wp-json\/wp\/v2\/posts\/52867\/revisions\/52870"}],"wp:featuredmedia":[{"embeddable":true,"href":"https:\/\/www.sincomam.org.br\/index.php\/wp-json\/wp\/v2\/media\/52869"}],"wp:attachment":[{"href":"https:\/\/www.sincomam.org.br\/index.php\/wp-json\/wp\/v2\/media?parent=52867"}],"wp:term":[{"taxonomy":"category","embeddable":true,"href":"https:\/\/www.sincomam.org.br\/index.php\/wp-json\/wp\/v2\/categories?post=52867"},{"taxonomy":"post_tag","embeddable":true,"href":"https:\/\/www.sincomam.org.br\/index.php\/wp-json\/wp\/v2\/tags?post=52867"}],"curies":[{"name":"wp","href":"https:\/\/api.w.org\/{rel}","templated":true}]}}