{"id":5286,"date":"2014-05-06T08:31:09","date_gmt":"2014-05-06T11:31:09","guid":{"rendered":"http:\/\/www.sincomam.org.br\/?p=5286"},"modified":"2014-05-06T08:31:09","modified_gmt":"2014-05-06T11:31:09","slug":"prumo-logistica-assina-contrato-com-a-nfx-para-aluguel-de-area-em-porto","status":"publish","type":"post","link":"https:\/\/www.sincomam.org.br\/index.php\/prumo-logistica-assina-contrato-com-a-nfx-para-aluguel-de-area-em-porto\/","title":{"rendered":"Prumo Log\u00edstica assina contrato com a NFX para aluguel de \u00e1rea em porto"},"content":{"rendered":"<p>A Prumo Log\u00edstica, ex-LLX, informou nesta segunda-feira (5) que assinou um contrato com a NFX, joint venture da empresa com a BP, para aluguel de \u00e1rea do porto do A\u00e7u, no norte do Rio de Janeiro, que est\u00e1 sendo constru\u00eddo pela companhia.<\/p>\n<p>O contrato estabelece um per\u00edodo inicial de 5 anos renov\u00e1veis por mais um per\u00edodo de 15 anos, com direito de extens\u00e3o por mais dois per\u00edodos de 20 anos.<\/p>\n<p>A \u00e1rea, localizada no terminal 2, dever\u00e1 ter uma profundidade de 14,5 metros e ocupar 215.079 metros quadrados, possibilitando \u00e0 NFX importar, exportar, vender, armazenar, misturar, distribuir e comercializar combust\u00edveis mar\u00edtimos, sob a marca da BP Marine, disse a Prumo.<\/p>\n<p>A previs\u00e3o \u00e9 que as obras de responsabilidade da NFX comecem ainda no segundo semestre deste ano, com in\u00edcio das opera\u00e7\u00f5es previsto para o primeiro trimestre de 2015.<\/p>\n<p>O an\u00fancio desta segunda-feira segue o contrato assinado no in\u00edcio de abril com a norte-americana Edison Chouest para aluguel de uma \u00e1rea de 255,2 mil metros quadrados no porto do A\u00e7u.<\/p>\n<p>&#8220;Desde que retomamos o ritmo das obras, temos experimentado um novo momento na companhia com interesse de novos clientes em discutir acordos comerciais&#8221;, disse o presidente-executivo da Prumo, Eduardo Parente, em nota.<\/p>\n<p>A opera\u00e7\u00e3o ocorre ap\u00f3s a mudan\u00e7a de controle da ent\u00e3o LLX, que em outubro do ano passado passou da EBX, de Eike Batista, para a norte-americana EIG, em meio a dificuldades financeiras que afetaram o grupo do empres\u00e1rio.<\/p>\n<p>Fonte: Reuters\/Roberta Vilas Boas; Edi\u00e7\u00e3o de Marcela Ayres<\/p>\n","protected":false},"excerpt":{"rendered":"<p>A Prumo Log\u00edstica, ex-LLX, informou nesta segunda-feira (5) que assinou um contrato com a NFX, joint venture da empresa com a BP, para aluguel de&#8230;<\/p>\n","protected":false},"author":1182,"featured_media":3815,"comment_status":"closed","ping_status":"closed","sticky":false,"template":"","format":"standard","meta":{"footnotes":""},"categories":[6],"tags":[1084,258,1083],"class_list":["post-5286","post","type-post","status-publish","format-standard","has-post-thumbnail","hentry","category-noticias","tag-assinatura","tag-contratos","tag-prumo-logistica"],"_links":{"self":[{"href":"https:\/\/www.sincomam.org.br\/index.php\/wp-json\/wp\/v2\/posts\/5286","targetHints":{"allow":["GET"]}}],"collection":[{"href":"https:\/\/www.sincomam.org.br\/index.php\/wp-json\/wp\/v2\/posts"}],"about":[{"href":"https:\/\/www.sincomam.org.br\/index.php\/wp-json\/wp\/v2\/types\/post"}],"author":[{"embeddable":true,"href":"https:\/\/www.sincomam.org.br\/index.php\/wp-json\/wp\/v2\/users\/1182"}],"replies":[{"embeddable":true,"href":"https:\/\/www.sincomam.org.br\/index.php\/wp-json\/wp\/v2\/comments?post=5286"}],"version-history":[{"count":1,"href":"https:\/\/www.sincomam.org.br\/index.php\/wp-json\/wp\/v2\/posts\/5286\/revisions"}],"predecessor-version":[{"id":5287,"href":"https:\/\/www.sincomam.org.br\/index.php\/wp-json\/wp\/v2\/posts\/5286\/revisions\/5287"}],"wp:featuredmedia":[{"embeddable":true,"href":"https:\/\/www.sincomam.org.br\/index.php\/wp-json\/wp\/v2\/media\/3815"}],"wp:attachment":[{"href":"https:\/\/www.sincomam.org.br\/index.php\/wp-json\/wp\/v2\/media?parent=5286"}],"wp:term":[{"taxonomy":"category","embeddable":true,"href":"https:\/\/www.sincomam.org.br\/index.php\/wp-json\/wp\/v2\/categories?post=5286"},{"taxonomy":"post_tag","embeddable":true,"href":"https:\/\/www.sincomam.org.br\/index.php\/wp-json\/wp\/v2\/tags?post=5286"}],"curies":[{"name":"wp","href":"https:\/\/api.w.org\/{rel}","templated":true}]}}