{"id":52834,"date":"2024-07-26T07:51:57","date_gmt":"2024-07-26T10:51:57","guid":{"rendered":"http:\/\/www.sincomam.org.br\/?p=52834"},"modified":"2024-07-26T07:51:57","modified_gmt":"2024-07-26T10:51:57","slug":"agencia-aprova-criacao-de-comite-para-promover-a-igualdade-de-genero-e-a-diversidade-no-setor-aquaviario","status":"publish","type":"post","link":"https:\/\/www.sincomam.org.br\/index.php\/agencia-aprova-criacao-de-comite-para-promover-a-igualdade-de-genero-e-a-diversidade-no-setor-aquaviario\/","title":{"rendered":"Ag\u00eancia aprova cria\u00e7\u00e3o de comit\u00ea para promover a igualdade de g\u00eanero e a diversidade no setor aquavi\u00e1rio"},"content":{"rendered":"<p>A Ag\u00eancia Nacional de Transportes Aquavi\u00e1rios (ANTAQ) aprovou, nesta quinta-feira (25), a cria\u00e7\u00e3o de um comit\u00ea para promover a igualdade de g\u00eanero e a diversidade no setor aquavi\u00e1rio.<\/p>\n<p>O comit\u00ea ser\u00e1 intersetorial e far\u00e3o parte, al\u00e9m de representantes da ANTAQ, membros de entidades nacionais e internacionais. A expectativa \u00e9 que os nomes sejam apresentados dentro de 30 dias e o plano de a\u00e7\u00e3o em 60 dias.<\/p>\n<p>A cria\u00e7\u00e3o deste comit\u00ea est\u00e1 sendo discutida no \u00e2mbito da iniciativa Brasil Sem Misoginia, do Minist\u00e9rio das Mulheres, e do programa Rede Equidade, do Senado Federal, do qual a ANTAQ faz parte.<\/p>\n<p>\u201cO desdobramento dessa medida ser\u00e1 a elabora\u00e7\u00e3o de um programa interno e de pautas de incentivo para o setor aquavi\u00e1rio que possa desenvolver pol\u00edticas de forma\u00e7\u00e3o e de desenvolvimento a fim de promover igualdade de g\u00eanero\u201d, destacou a diretora Fl\u00e1via Takafashi, que \u00e9 a respons\u00e1vel pela implementa\u00e7\u00e3o do comit\u00ea.<\/p>\n<p>Fonte: Portos e Navios<\/p>\n","protected":false},"excerpt":{"rendered":"<p>A Ag\u00eancia Nacional de Transportes Aquavi\u00e1rios (ANTAQ) aprovou, nesta quinta-feira (25), a cria\u00e7\u00e3o de um comit\u00ea para promover a igualdade de g\u00eanero e a diversidade&#8230;<\/p>\n","protected":false},"author":1527,"featured_media":52836,"comment_status":"closed","ping_status":"closed","sticky":false,"template":"","format":"standard","meta":{"footnotes":""},"categories":[6],"tags":[],"class_list":["post-52834","post","type-post","status-publish","format-standard","has-post-thumbnail","hentry","category-noticias"],"_links":{"self":[{"href":"https:\/\/www.sincomam.org.br\/index.php\/wp-json\/wp\/v2\/posts\/52834","targetHints":{"allow":["GET"]}}],"collection":[{"href":"https:\/\/www.sincomam.org.br\/index.php\/wp-json\/wp\/v2\/posts"}],"about":[{"href":"https:\/\/www.sincomam.org.br\/index.php\/wp-json\/wp\/v2\/types\/post"}],"author":[{"embeddable":true,"href":"https:\/\/www.sincomam.org.br\/index.php\/wp-json\/wp\/v2\/users\/1527"}],"replies":[{"embeddable":true,"href":"https:\/\/www.sincomam.org.br\/index.php\/wp-json\/wp\/v2\/comments?post=52834"}],"version-history":[{"count":1,"href":"https:\/\/www.sincomam.org.br\/index.php\/wp-json\/wp\/v2\/posts\/52834\/revisions"}],"predecessor-version":[{"id":52837,"href":"https:\/\/www.sincomam.org.br\/index.php\/wp-json\/wp\/v2\/posts\/52834\/revisions\/52837"}],"wp:featuredmedia":[{"embeddable":true,"href":"https:\/\/www.sincomam.org.br\/index.php\/wp-json\/wp\/v2\/media\/52836"}],"wp:attachment":[{"href":"https:\/\/www.sincomam.org.br\/index.php\/wp-json\/wp\/v2\/media?parent=52834"}],"wp:term":[{"taxonomy":"category","embeddable":true,"href":"https:\/\/www.sincomam.org.br\/index.php\/wp-json\/wp\/v2\/categories?post=52834"},{"taxonomy":"post_tag","embeddable":true,"href":"https:\/\/www.sincomam.org.br\/index.php\/wp-json\/wp\/v2\/tags?post=52834"}],"curies":[{"name":"wp","href":"https:\/\/api.w.org\/{rel}","templated":true}]}}