{"id":52810,"date":"2024-07-25T07:55:58","date_gmt":"2024-07-25T10:55:58","guid":{"rendered":"http:\/\/www.sincomam.org.br\/?p=52810"},"modified":"2024-07-25T07:57:52","modified_gmt":"2024-07-25T10:57:52","slug":"52810","status":"publish","type":"post","link":"https:\/\/www.sincomam.org.br\/index.php\/52810\/","title":{"rendered":"Chegada da Draga Galileo Galilei a Salvador para nova campanha de dragagem"},"content":{"rendered":"<p tabindex=\"0\">A draga Galileo Galilei, de propriedade do grupo holand\u00eas Jan de Nul, chegou ao litoral da Bahia nesta semana. A embarca\u00e7\u00e3o tem 166 metros de comprimento e capacidade de dragagem de 18 mil metros c\u00fabicos, e vai auxiliar na manuten\u00e7\u00e3o do leito do canal do Terminal Mar\u00edtimo de Madre de Deus, principal ponto de escoamento da produ\u00e7\u00e3o da Refinaria de Mataripe, em Madre de Deus (BA).<\/p>\n<p tabindex=\"0\">Antes de chegar \u00e0 Bahia, a Galileo Galilei ajudou nos trabalhos emergenciais de recupera\u00e7\u00e3o do Porto do Rio Grande, no canal que liga a Lagoa dos Patos ao mar, na cidade de Rio Grande (RS). Por l\u00e1, a draga &#8211;\u00a0que pesa mais de 31 mil toneladas\u00a0&#8211; retirou cerca de 600 metros c\u00fabicos de sedimentos trazidos pelas chuvas que arrasaram o estado em maio.<\/p>\n<p tabindex=\"0\">A embarca\u00e7\u00e3o foi utilizada em outras grandes obras de infraestrutura no Brasil. No litoral catarinense, a draga foi utilizada nos trabalhos de engorda da orla de Balne\u00e1rio Cambori\u00fa. No Paran\u00e1, a Galileo Galilei fez trabalho semelhante\u00a0na orla de Matinhos.<\/p>\n<div class=\"ads-amp\">\n<div class=\"ads-label\">Ap\u00f3s os trabalhos no litoral baiano, a embarca\u00e7\u00e3o seguir\u00e1 para a regi\u00e3o Norte, onde anteriormente foi utilizada em a\u00e7\u00f5es de desassoreamento na bacia do Rio Amazonas.<\/div>\n<\/div>\n<div><\/div>\n<div>Fonte: Gazeta do Povo<\/div>\n","protected":false},"excerpt":{"rendered":"<p>A draga Galileo Galilei, de propriedade do grupo holand\u00eas Jan de Nul, chegou ao litoral da Bahia nesta semana. A embarca\u00e7\u00e3o tem 166 metros de&#8230;<\/p>\n","protected":false},"author":1527,"featured_media":52812,"comment_status":"closed","ping_status":"closed","sticky":false,"template":"","format":"standard","meta":{"footnotes":""},"categories":[6],"tags":[],"class_list":["post-52810","post","type-post","status-publish","format-standard","has-post-thumbnail","hentry","category-noticias"],"_links":{"self":[{"href":"https:\/\/www.sincomam.org.br\/index.php\/wp-json\/wp\/v2\/posts\/52810","targetHints":{"allow":["GET"]}}],"collection":[{"href":"https:\/\/www.sincomam.org.br\/index.php\/wp-json\/wp\/v2\/posts"}],"about":[{"href":"https:\/\/www.sincomam.org.br\/index.php\/wp-json\/wp\/v2\/types\/post"}],"author":[{"embeddable":true,"href":"https:\/\/www.sincomam.org.br\/index.php\/wp-json\/wp\/v2\/users\/1527"}],"replies":[{"embeddable":true,"href":"https:\/\/www.sincomam.org.br\/index.php\/wp-json\/wp\/v2\/comments?post=52810"}],"version-history":[{"count":2,"href":"https:\/\/www.sincomam.org.br\/index.php\/wp-json\/wp\/v2\/posts\/52810\/revisions"}],"predecessor-version":[{"id":52814,"href":"https:\/\/www.sincomam.org.br\/index.php\/wp-json\/wp\/v2\/posts\/52810\/revisions\/52814"}],"wp:featuredmedia":[{"embeddable":true,"href":"https:\/\/www.sincomam.org.br\/index.php\/wp-json\/wp\/v2\/media\/52812"}],"wp:attachment":[{"href":"https:\/\/www.sincomam.org.br\/index.php\/wp-json\/wp\/v2\/media?parent=52810"}],"wp:term":[{"taxonomy":"category","embeddable":true,"href":"https:\/\/www.sincomam.org.br\/index.php\/wp-json\/wp\/v2\/categories?post=52810"},{"taxonomy":"post_tag","embeddable":true,"href":"https:\/\/www.sincomam.org.br\/index.php\/wp-json\/wp\/v2\/tags?post=52810"}],"curies":[{"name":"wp","href":"https:\/\/api.w.org\/{rel}","templated":true}]}}