{"id":52802,"date":"2024-07-25T07:50:57","date_gmt":"2024-07-25T10:50:57","guid":{"rendered":"http:\/\/www.sincomam.org.br\/?p=52802"},"modified":"2024-07-25T07:50:57","modified_gmt":"2024-07-25T10:50:57","slug":"porto-do-itaqui-inicia-construcao-do-berco-98","status":"publish","type":"post","link":"https:\/\/www.sincomam.org.br\/index.php\/porto-do-itaqui-inicia-construcao-do-berco-98\/","title":{"rendered":"Porto do Itaqui inicia constru\u00e7\u00e3o do Ber\u00e7o 98"},"content":{"rendered":"<p>O Porto do Itaqui iniciou, na manh\u00e3 nesta quarta-feira (24), as obras do Ber\u00e7o 98. A primeira camisa met\u00e1lica do novo ber\u00e7o foi cravada, simbolizando o in\u00edcio construtivo do projeto que ampliar\u00e1 a capacidade de exporta\u00e7\u00e3o do estado do Maranh\u00e3o.<\/p>\n<p>Com investimento de R$ 289 milh\u00f5es, o novo ber\u00e7o ter\u00e1 profundidade de at\u00e9 18 metros e dimens\u00e3o de 320m \u00d7 40m, o que permitir\u00e1 a atraca\u00e7\u00e3o de navios de grande porte, al\u00e9m de aumentar a capacidade de exporta\u00e7\u00e3o do porto em mais de oito milh\u00f5es de toneladas por ano, impulsionando, em cerca de 20%, o seu faturamento anual.<\/p>\n<p>&#8220;O Ber\u00e7o 98 \u00e9 um projeto estrat\u00e9gico para o desenvolvimento econ\u00f4mico do Maranh\u00e3o. Com ele, consolidaremos nossa posi\u00e7\u00e3o como um dos principais portos do Brasil e abriremos novas oportunidades para os produtores locais. Estamos comprometidos em entregar esta obra no prazo, garantindo qualidade e efici\u00eancia em todas as etapas\u201d, disse o presidente do porto, Gilberto Lins.<\/p>\n<p>&#8220;Hoje foi posicionada e cravada a primeira camisa met\u00e1lica utilizando o martelo vibrat\u00f3rio. Em breve, come\u00e7aremos o posicionamento e crava\u00e7\u00e3o da segunda camisa met\u00e1lica e seguiremos com um trabalho cont\u00ednuo e intenso at\u00e9 a conclus\u00e3o da obra&#8221;, explicou o diretor de Engenharia e Manuten\u00e7\u00e3o da EMAP, Ricardo Miranda.<\/p>\n<p>Fonte: Portos e Navios<\/p>\n","protected":false},"excerpt":{"rendered":"<p>O Porto do Itaqui iniciou, na manh\u00e3 nesta quarta-feira (24), as obras do Ber\u00e7o 98. A primeira camisa met\u00e1lica do novo ber\u00e7o foi cravada, simbolizando&#8230;<\/p>\n","protected":false},"author":1527,"featured_media":52804,"comment_status":"closed","ping_status":"closed","sticky":false,"template":"","format":"standard","meta":{"footnotes":""},"categories":[6],"tags":[],"class_list":["post-52802","post","type-post","status-publish","format-standard","has-post-thumbnail","hentry","category-noticias"],"_links":{"self":[{"href":"https:\/\/www.sincomam.org.br\/index.php\/wp-json\/wp\/v2\/posts\/52802","targetHints":{"allow":["GET"]}}],"collection":[{"href":"https:\/\/www.sincomam.org.br\/index.php\/wp-json\/wp\/v2\/posts"}],"about":[{"href":"https:\/\/www.sincomam.org.br\/index.php\/wp-json\/wp\/v2\/types\/post"}],"author":[{"embeddable":true,"href":"https:\/\/www.sincomam.org.br\/index.php\/wp-json\/wp\/v2\/users\/1527"}],"replies":[{"embeddable":true,"href":"https:\/\/www.sincomam.org.br\/index.php\/wp-json\/wp\/v2\/comments?post=52802"}],"version-history":[{"count":1,"href":"https:\/\/www.sincomam.org.br\/index.php\/wp-json\/wp\/v2\/posts\/52802\/revisions"}],"predecessor-version":[{"id":52805,"href":"https:\/\/www.sincomam.org.br\/index.php\/wp-json\/wp\/v2\/posts\/52802\/revisions\/52805"}],"wp:featuredmedia":[{"embeddable":true,"href":"https:\/\/www.sincomam.org.br\/index.php\/wp-json\/wp\/v2\/media\/52804"}],"wp:attachment":[{"href":"https:\/\/www.sincomam.org.br\/index.php\/wp-json\/wp\/v2\/media?parent=52802"}],"wp:term":[{"taxonomy":"category","embeddable":true,"href":"https:\/\/www.sincomam.org.br\/index.php\/wp-json\/wp\/v2\/categories?post=52802"},{"taxonomy":"post_tag","embeddable":true,"href":"https:\/\/www.sincomam.org.br\/index.php\/wp-json\/wp\/v2\/tags?post=52802"}],"curies":[{"name":"wp","href":"https:\/\/api.w.org\/{rel}","templated":true}]}}