{"id":5279,"date":"2014-05-05T08:33:43","date_gmt":"2014-05-05T11:33:43","guid":{"rendered":"http:\/\/www.sincomam.org.br\/?p=5279"},"modified":"2014-05-04T19:28:59","modified_gmt":"2014-05-04T22:28:59","slug":"internacional-descarrilamento-de-trem-deixa-18-mortos-e-112-feridos-na-india","status":"publish","type":"post","link":"https:\/\/www.sincomam.org.br\/index.php\/internacional-descarrilamento-de-trem-deixa-18-mortos-e-112-feridos-na-india\/","title":{"rendered":"Internacional: Descarrilamento de trem deixa 18 mortos e 112 feridos na \u00cdndia"},"content":{"rendered":"<p><strong><em>Locomotiva e quatro vag\u00f5es sa\u00edram dos trilhos, segundo a pol\u00edcia<\/em><\/strong><\/p>\n<p>Um descarrilamento de trem no oeste da \u00cdndia deixou ao menos 18 mortos e 112 feridos, de acordo com a pol\u00edcia local.<\/p>\n<p>O trem, que ia de Diwa, sub\u00farbio de Mumbai, para Sawantawadi, no estado de Maharashtra no oeste do pa\u00eds, descarrilhou no distrito de Raigad, a 110 quil\u00f4metros de Mumbai.<\/p>\n<p>A locomotiva e quatro vag\u00f5es sa\u00edram dos trilhos, informou \u00e0 AFP uma autoridade policial de Raigad.<\/p>\n<p><strong>Terremoto de magnitude 6,2 abala o centro de T\u00f3quio<\/strong><\/p>\n<p>Um forte terremoto de magnitude 6,2 na escala Richter foi registrado nesta segunda-feira (5) pela manh\u00e3 (hor\u00e1rio local), no leste do Jap\u00e3o, abalando violentamente os arranha-c\u00e9us do centro de T\u00f3quio, anunciou a Ag\u00eancia de Meteorologia, acrescentando que n\u00e3o h\u00e1 risco de tsunami.<\/p>\n<p>O terremoto aconteceu \u00e0s 5h18 (17h18 de domingo (4) em Bras\u00edlia), com epicentro na ilha Izu Oshima, ao sul da capital, e a 160 km de profundidade. Os movimentos mais fortes foram registrados no centro da capital, completou a ag\u00eancia.<\/p>\n<p>Os movimentos mais intensos foram no centro de T\u00f3quio, onde ficam os minist\u00e9rios e pr\u00e9dios p\u00fablicos do pa\u00eds, de acordo com dados divulgados pela ag\u00eancia japonesa. V\u00e1rias linhas de trem suspenderam seus servi\u00e7os para controlar as vias. O tr\u00e1fego era normal no aeroporto de T\u00f3quio-Haneda. Segundo o canal p\u00fablico NHK, que interrompeu sua programa\u00e7\u00e3o, ainda n\u00e3o h\u00e1 relatos de feridos.<\/p>\n<p>Fonte: G1 \/ Foto: AFP<\/p>\n","protected":false},"excerpt":{"rendered":"<p>Locomotiva e quatro vag\u00f5es sa\u00edram dos trilhos, segundo a pol\u00edcia Um descarrilamento de trem no oeste da \u00cdndia deixou ao menos 18 mortos e 112&#8230;<\/p>\n","protected":false},"author":1182,"featured_media":5280,"comment_status":"closed","ping_status":"closed","sticky":false,"template":"","format":"standard","meta":{"footnotes":""},"categories":[6],"tags":[1079,1081,1080,623,491],"class_list":["post-5279","post","type-post","status-publish","format-standard","has-post-thumbnail","hentry","category-noticias","tag-descarrilamento","tag-feridos","tag-india","tag-mortos","tag-policia"],"_links":{"self":[{"href":"https:\/\/www.sincomam.org.br\/index.php\/wp-json\/wp\/v2\/posts\/5279","targetHints":{"allow":["GET"]}}],"collection":[{"href":"https:\/\/www.sincomam.org.br\/index.php\/wp-json\/wp\/v2\/posts"}],"about":[{"href":"https:\/\/www.sincomam.org.br\/index.php\/wp-json\/wp\/v2\/types\/post"}],"author":[{"embeddable":true,"href":"https:\/\/www.sincomam.org.br\/index.php\/wp-json\/wp\/v2\/users\/1182"}],"replies":[{"embeddable":true,"href":"https:\/\/www.sincomam.org.br\/index.php\/wp-json\/wp\/v2\/comments?post=5279"}],"version-history":[{"count":1,"href":"https:\/\/www.sincomam.org.br\/index.php\/wp-json\/wp\/v2\/posts\/5279\/revisions"}],"predecessor-version":[{"id":5281,"href":"https:\/\/www.sincomam.org.br\/index.php\/wp-json\/wp\/v2\/posts\/5279\/revisions\/5281"}],"wp:featuredmedia":[{"embeddable":true,"href":"https:\/\/www.sincomam.org.br\/index.php\/wp-json\/wp\/v2\/media\/5280"}],"wp:attachment":[{"href":"https:\/\/www.sincomam.org.br\/index.php\/wp-json\/wp\/v2\/media?parent=5279"}],"wp:term":[{"taxonomy":"category","embeddable":true,"href":"https:\/\/www.sincomam.org.br\/index.php\/wp-json\/wp\/v2\/categories?post=5279"},{"taxonomy":"post_tag","embeddable":true,"href":"https:\/\/www.sincomam.org.br\/index.php\/wp-json\/wp\/v2\/tags?post=5279"}],"curies":[{"name":"wp","href":"https:\/\/api.w.org\/{rel}","templated":true}]}}