{"id":52761,"date":"2024-07-23T07:49:32","date_gmt":"2024-07-23T10:49:32","guid":{"rendered":"http:\/\/www.sincomam.org.br\/?p=52761"},"modified":"2024-07-23T07:49:32","modified_gmt":"2024-07-23T10:49:32","slug":"mercadante-estado-precisa-atuar-diante-das-mudancas-climaticas","status":"publish","type":"post","link":"https:\/\/www.sincomam.org.br\/index.php\/mercadante-estado-precisa-atuar-diante-das-mudancas-climaticas\/","title":{"rendered":"Mercadante: Estado precisa atuar diante das mudan\u00e7as clim\u00e1ticas"},"content":{"rendered":"<p>O presidente do Banco Nacional de Desenvolvimento Econ\u00f4mico e Social (BNDES), Aloizio Mercadante, defendeu a\u00e7\u00f5es estrat\u00e9gicas de Estado que impulsionem e mobilizem as institui\u00e7\u00f5es para fazer frente ao que chamou de gigantesco desafio da humanidade, os efeitos das mudan\u00e7as clim\u00e1ticas. A declara\u00e7\u00e3o foi feita nesta segunda-feira (22), na abertura do encontro States of the Future, que ocorre entre 22 e 24 de julho na sede do BNDES, no Rio de Janeiro.<\/p>\n<p>Como exemplo, Mercadante indicou a atua\u00e7\u00e3o do BNDES em\u00a0calamidades clim\u00e1ticas. O presidente do banco citou atua\u00e7\u00e3o da institui\u00e7\u00e3o\u00a0na recupera\u00e7\u00e3o do Rio Grande do Sul, inicialmente com o socorro dos produtores atingidos pela seca no ano passado e agora, com as enchentes que come\u00e7aram no fim de abril e se seguiram em maio.<\/p>\n<p>\u201cEstamos fazendo um esfor\u00e7o gigantesco agora de mais US$ 4 milh\u00f5es em financiamento para reconstruir a economia local e uma demanda de cr\u00e9dito fort\u00edssima que estamos buscando atender da melhor forma e com a maior rapidez poss\u00edvel O Estado precisa definir pol\u00edticas para urg\u00eancia, para emerg\u00eancia clim\u00e1tica e para reconstru\u00e7\u00e3o e meios de resili\u00eancia e adapta\u00e7\u00e3o\u201d,<\/p>\n<p>Mercadante disse ainda que \u00e9 preciso conscientizar o mercado financeiro global do risco do\u00a0n\u00e3o enfrentamento\u00a0da gravidade clim\u00e1tica. \u201cH\u00e1 um d\u00e9ficit de recursos globais para enfrentamento da calamidade clim\u00e1tica que vai de US$ 4 trilh\u00f5es e US$ 7 trilh\u00f5es. Essa \u00e9 a conta que a gente tem em rela\u00e7\u00e3o \u00e0s ODSs [Objetivos de Desenvolvimento Sustent\u00e1vel] e ao enfrentamento desse gigantesco desafio. Espero que a reuni\u00e3o do G20 junto com essa alian\u00e7a global de combate \u00e0 fome e a taxa\u00e7\u00e3o dos super-ricos, traga essa agenda ambiental de uma forma mais ousada\u201d, apontou.<\/p>\n<p>Evento paralelo do G20, f\u00f3rum internacional que re\u00fane as 19 maiores economias do mundo, mais Uni\u00e3o Europeia e a Uni\u00e3o Africana, o States of the Future foi pensado com a inten\u00e7\u00e3o de agregar \u201cuma coaliz\u00e3o diversificada de atores globais, incluindo governos, think-tanks, sociedade civil, academia, setor privado e organismos internacionais, para fomentar um di\u00e1logo multidisciplinar e multissetorial sobre a reimagina\u00e7\u00e3o das capacidades estatais frente aos desafios emergentes do s\u00e9culo XXI\u201d, indicou o site do G20.<\/p>\n<h2>Descarboniza\u00e7\u00e3o<\/h2>\n<p>Outros grandes desafios,\u00a0segundo Mercadante, s\u00e3o a descarboniza\u00e7\u00e3o da economia e o\u00a0impulsionamento\u00a0da economia verde.\u00a0De acordo com o presidente do banco, o BNDES tem procurado alinhar as a\u00e7\u00f5es com as\u00a0metas Paris +10 da Cop 30. &#8220;Estamos olhando com muito rigor para aquilo que descarboniza e reduz as emiss\u00f5es para termos o balan\u00e7o verde, que \u00e9 o balan\u00e7o do futuro\u201d, pontuou.<\/p>\n<p>Ao citar a regi\u00e3o amaz\u00f4nica, Mercadante disse que o BNDES est\u00e1 financiando opera\u00e7\u00f5es para combater o crime organizado. \u201cEstamos financiando a Pol\u00edcia Federal nas opera\u00e7\u00f5es de comando e controle para combater o narcotr\u00e1fico e o crime organizado que est\u00e1 por tr\u00e1s de todo o processo de degrada\u00e7\u00e3o da regi\u00e3o. Vamos estender para todos os pa\u00edses da Amaz\u00f4nia\u201d, comentou.<\/p>\n<p>Conforme explicou, \u00e9 urgente tamb\u00e9m a regula\u00e7\u00e3o do mercado de carbono. \u201cPrecisamos deixar um pouco a disputa comercial e pensar no planeta de uma forma mais generosa para buscar iniciativas como essas que estamos tentando impulsionar ao longo dos \u00faltimos anos\u201d, afirmou.<\/p>\n<h2>Desenvolvimento<\/h2>\n<p>Na abertura, a ministra da Igualdade Racial, Anielle Franco,\u00a0ressaltou que o desenvolvimento sustent\u00e1vel\u00a0vai al\u00e9m do\u00a0conceito baseado no trip\u00e9 de crescimento econ\u00f4mico, inclus\u00e3o social e prote\u00e7\u00e3o ao meio ambiente. \u201cQuero acrescentar a esta base a promo\u00e7\u00e3o de uma vida digna para todas as pessoas\u201d, relatou, acrescentando que as desigualdades sociais precisam ser observadas como centro e n\u00e3o como pano de fundo.<\/p>\n<p>\u201cA pobreza n\u00e3o \u00e9 um problema dos pobres, assim como o racismo n\u00e3o \u00e9 um problema das pessoas negras e o machismo tamb\u00e9m n\u00e3o \u00e9 um problema s\u00f3 das mulheres. As viol\u00eancias que limitam a vida e os direitos b\u00e1sicos n\u00e3o s\u00e3o dados frios em relat\u00f3rios, bem como o impacto das mudan\u00e7as clim\u00e1ticas n\u00e3o s\u00e3o transit\u00f3rios ou problemas do futuro. Estamos em um planeta no qual no ano passado 281 milh\u00f5es de pessoas passaram fome\u201d, indicou Anielle.<\/p>\n<p>A ministra da Gest\u00e3o e da Inova\u00e7\u00e3o em Servi\u00e7os P\u00fablicos, Esther Dweck, disse que os debates dos pr\u00f3ximos dias do encontro cumprir\u00e3o a dupla tarefa de revigorar o esp\u00edrito reformista nas discuss\u00f5es sobre desenvolvimento e a governan\u00e7a econ\u00f4mica internacional para atualizar o\u00a0programa \u00e0s circunst\u00e2ncias e desafios atuais. \u201cO Estado voltou \u00e0 moda. Sabemos que, na verdade, nunca saiu de cena, muito menos nos pa\u00edses que mais favoreceram externamente a agenda do seu enfraquecimento. O fato, por\u00e9m, \u00e9 que os par\u00e2metros levados para o seu papel mudaram com rela\u00e7\u00e3o \u00e0 virada do s\u00e9culo passado\u201d, observou.<\/p>\n<p>Esther Dweck destacou que o Minist\u00e9rio da Gest\u00e3o e da Inova\u00e7\u00e3o em Servi\u00e7os P\u00fablicos do Brasil tem muito a acrescentar ao debate da capacidade do Estado e seus desafios e apontou as diversas experi\u00eancias da pasta para compartilhar sobre o fortalecimento da gest\u00e3o p\u00fablica. \u201cIncluindo o uso do poder de compra do Estado, a governan\u00e7a das empresas estatais, a destina\u00e7\u00e3o adequada de terra e patrim\u00f4nio p\u00fablico, o governo digital, a gest\u00e3o do conhecimento e a prote\u00e7\u00e3o da mem\u00f3ria nacional, entre outros temas importantes\u201d, descreveu.<\/p>\n<p>Fonte: Ag\u00eancia Brasil<\/p>\n","protected":false},"excerpt":{"rendered":"<p>O presidente do Banco Nacional de Desenvolvimento Econ\u00f4mico e Social (BNDES), Aloizio Mercadante, defendeu a\u00e7\u00f5es estrat\u00e9gicas de Estado que impulsionem e mobilizem as institui\u00e7\u00f5es para&#8230;<\/p>\n","protected":false},"author":1527,"featured_media":52763,"comment_status":"closed","ping_status":"closed","sticky":false,"template":"","format":"standard","meta":{"footnotes":""},"categories":[6],"tags":[],"class_list":["post-52761","post","type-post","status-publish","format-standard","has-post-thumbnail","hentry","category-noticias"],"_links":{"self":[{"href":"https:\/\/www.sincomam.org.br\/index.php\/wp-json\/wp\/v2\/posts\/52761","targetHints":{"allow":["GET"]}}],"collection":[{"href":"https:\/\/www.sincomam.org.br\/index.php\/wp-json\/wp\/v2\/posts"}],"about":[{"href":"https:\/\/www.sincomam.org.br\/index.php\/wp-json\/wp\/v2\/types\/post"}],"author":[{"embeddable":true,"href":"https:\/\/www.sincomam.org.br\/index.php\/wp-json\/wp\/v2\/users\/1527"}],"replies":[{"embeddable":true,"href":"https:\/\/www.sincomam.org.br\/index.php\/wp-json\/wp\/v2\/comments?post=52761"}],"version-history":[{"count":1,"href":"https:\/\/www.sincomam.org.br\/index.php\/wp-json\/wp\/v2\/posts\/52761\/revisions"}],"predecessor-version":[{"id":52764,"href":"https:\/\/www.sincomam.org.br\/index.php\/wp-json\/wp\/v2\/posts\/52761\/revisions\/52764"}],"wp:featuredmedia":[{"embeddable":true,"href":"https:\/\/www.sincomam.org.br\/index.php\/wp-json\/wp\/v2\/media\/52763"}],"wp:attachment":[{"href":"https:\/\/www.sincomam.org.br\/index.php\/wp-json\/wp\/v2\/media?parent=52761"}],"wp:term":[{"taxonomy":"category","embeddable":true,"href":"https:\/\/www.sincomam.org.br\/index.php\/wp-json\/wp\/v2\/categories?post=52761"},{"taxonomy":"post_tag","embeddable":true,"href":"https:\/\/www.sincomam.org.br\/index.php\/wp-json\/wp\/v2\/tags?post=52761"}],"curies":[{"name":"wp","href":"https:\/\/api.w.org\/{rel}","templated":true}]}}