{"id":5275,"date":"2014-05-05T08:20:58","date_gmt":"2014-05-05T11:20:58","guid":{"rendered":"http:\/\/www.sincomam.org.br\/?p=5275"},"modified":"2014-05-04T18:59:09","modified_gmt":"2014-05-04T21:59:09","slug":"refinaria-reduc-tem-producao-reestabelecida-apos-pane-eletrica","status":"publish","type":"post","link":"https:\/\/www.sincomam.org.br\/index.php\/refinaria-reduc-tem-producao-reestabelecida-apos-pane-eletrica\/","title":{"rendered":"Refinaria Reduc tem produ\u00e7\u00e3o reestabelecida ap\u00f3s pane el\u00e9trica"},"content":{"rendered":"<p>A Petrobras informou que a produ\u00e7\u00e3o da Refinaria Duque de Caxias (Reduc), no Estado do Rio, foi estabelecida depois de ter sofrido uma pane el\u00e9trica \u00e0s 5h45 da manh\u00e3 da \u00faltima quarta-feira. O incidente provocou problemas na produ\u00e7\u00e3o da unidade, que n\u00e3o foram detalhados.<\/p>\n<p>Em nota, a estatal frisou que foi garantida a seguran\u00e7a dos trabalhadores e da popula\u00e7\u00e3o, al\u00e9m da integridade das instala\u00e7\u00f5es. Al\u00e9m disso, reiterou que comunicou o incidente aos \u00f3rg\u00e3os de controle e que est\u00e1 prestando os esclarecimentos necess\u00e1rios.<\/p>\n<p>\u201cAt\u00e9 o momento, a Petrobras n\u00e3o recebeu notifica\u00e7\u00e3o do Inea [Instituto Estadual do Ambiente]\u201d, afirmou em nota.<\/p>\n<p>A queda do sistema el\u00e9trico provocou, na quarta-feira, parada das unidades de processo e consequente queima de petr\u00f3leo e g\u00e1s nos queimadores de seguran\u00e7a (tocha). O incidente produziu grande quantidade de fuma\u00e7a que p\u00f4de ser notada nas redondezas.<\/p>\n<p>A empresa esclareceu que toda usina petroqu\u00edmica ou refinaria de petr\u00f3leo tem tochas (queimadores de seguran\u00e7a). \u201cEstes equipamentos garantem\u00a0 a imediata queima dos hidrocarbonetos em caso de situa\u00e7\u00f5es contingenciais no processo produtivo\u201d, disse.<\/p>\n<p>Assim, no caso do evento ocorrido, a empresa afirmou que, como medida de seguran\u00e7a e visando minimizar o impacto ambiental, o petr\u00f3leo e o g\u00e1s usados na produ\u00e7\u00e3o foram enviados para a tocha e devidamente queimados.<\/p>\n<p>Fonte: Valor &#8211; Marta Nogueira<\/p>\n","protected":false},"excerpt":{"rendered":"<p>A Petrobras informou que a produ\u00e7\u00e3o da Refinaria Duque de Caxias (Reduc), no Estado do Rio, foi estabelecida depois de ter sofrido uma pane el\u00e9trica&#8230;<\/p>\n","protected":false},"author":1182,"featured_media":5236,"comment_status":"closed","ping_status":"closed","sticky":false,"template":"","format":"standard","meta":{"footnotes":""},"categories":[6],"tags":[1076,1075,58,76,1067,108,1077],"class_list":["post-5275","post","type-post","status-publish","format-standard","has-post-thumbnail","hentry","category-noticias","tag-eletrica","tag-pane","tag-petrobras","tag-producao","tag-reduc","tag-refinaria","tag-retorno"],"_links":{"self":[{"href":"https:\/\/www.sincomam.org.br\/index.php\/wp-json\/wp\/v2\/posts\/5275","targetHints":{"allow":["GET"]}}],"collection":[{"href":"https:\/\/www.sincomam.org.br\/index.php\/wp-json\/wp\/v2\/posts"}],"about":[{"href":"https:\/\/www.sincomam.org.br\/index.php\/wp-json\/wp\/v2\/types\/post"}],"author":[{"embeddable":true,"href":"https:\/\/www.sincomam.org.br\/index.php\/wp-json\/wp\/v2\/users\/1182"}],"replies":[{"embeddable":true,"href":"https:\/\/www.sincomam.org.br\/index.php\/wp-json\/wp\/v2\/comments?post=5275"}],"version-history":[{"count":1,"href":"https:\/\/www.sincomam.org.br\/index.php\/wp-json\/wp\/v2\/posts\/5275\/revisions"}],"predecessor-version":[{"id":5276,"href":"https:\/\/www.sincomam.org.br\/index.php\/wp-json\/wp\/v2\/posts\/5275\/revisions\/5276"}],"wp:featuredmedia":[{"embeddable":true,"href":"https:\/\/www.sincomam.org.br\/index.php\/wp-json\/wp\/v2\/media\/5236"}],"wp:attachment":[{"href":"https:\/\/www.sincomam.org.br\/index.php\/wp-json\/wp\/v2\/media?parent=5275"}],"wp:term":[{"taxonomy":"category","embeddable":true,"href":"https:\/\/www.sincomam.org.br\/index.php\/wp-json\/wp\/v2\/categories?post=5275"},{"taxonomy":"post_tag","embeddable":true,"href":"https:\/\/www.sincomam.org.br\/index.php\/wp-json\/wp\/v2\/tags?post=5275"}],"curies":[{"name":"wp","href":"https:\/\/api.w.org\/{rel}","templated":true}]}}