{"id":52697,"date":"2024-07-19T08:18:38","date_gmt":"2024-07-19T11:18:38","guid":{"rendered":"http:\/\/www.sincomam.org.br\/?p=52697"},"modified":"2024-07-19T08:18:38","modified_gmt":"2024-07-19T11:18:38","slug":"inss-orienta-segurados-a-usarem-servicos-digitais-durante-greve","status":"publish","type":"post","link":"https:\/\/www.sincomam.org.br\/index.php\/inss-orienta-segurados-a-usarem-servicos-digitais-durante-greve\/","title":{"rendered":"INSS orienta segurados a usarem servi\u00e7os digitais durante greve"},"content":{"rendered":"<p>A greve dos servidores do Instituto Nacional do Seguro Social (INSS) entrou nesta sexta-feira (19) no terceiro dia. Embora sustente que a paralisa\u00e7\u00e3o dos servidores n\u00e3o impactou significativamente os servi\u00e7os prestados \u00e0 popula\u00e7\u00e3o, o \u00f3rg\u00e3o refor\u00e7ou as orienta\u00e7\u00f5es a quem precisar de determinados atendimentos.<\/p>\n<p>Segundo o instituto, mais de 100 servi\u00e7os podem ser agendados por meio do\u00a0<a href=\"https:\/\/www.gov.br\/pt-br\/temas\/meu-inss\" target=\"_blank\" rel=\"noopener\">site Meu INSS<\/a>; pela plataforma de mesmo nome, que tem vers\u00e3o para celular (app) ou pela central de atendimento telef\u00f4nico 135, que funciona de segunda-feira a s\u00e1bado, das 7h \u00e0s 22h.<\/p>\n<p>O INSS tamb\u00e9m orienta os cidad\u00e3os que necessitarem de atendimento pericial para a obten\u00e7\u00e3o do aux\u00edlio-doen\u00e7a a utilizarem o Atesmed, servi\u00e7o de avalia\u00e7\u00e3o remota de documentos que o instituto implantou prometendo tornar a an\u00e1lise mais r\u00e1pida e menos burocr\u00e1tica, dispensando a realiza\u00e7\u00e3o de per\u00edcia presencial.<\/p>\n<p>Nos casos de per\u00edcia m\u00e9dica j\u00e1 agendada para benef\u00edcio por incapacidade tempor\u00e1ria, o segurado pode pedir convers\u00e3o de agendamento de per\u00edcia para o Atestmed. \u201cPara os demais casos, a orienta\u00e7\u00e3o \u00e9 reagendar o atendimento pelo 135 ou Meu INSS\u201d, orienta o instituto.<\/p>\n<p>Os\u00a0servidores do INSS entraram em greve na ter\u00e7a-feira (16), por tempo indeterminado.<\/p>\n<h2>Reivindica\u00e7\u00f5es<\/h2>\n<p>Al\u00e9m da recomposi\u00e7\u00e3o de perdas salariais dos \u00faltimos anos, os servidores reivindicam a reestrutura\u00e7\u00e3o e o reconhecimento da carreira do Seguro Social como t\u00edpica de Estado; o cumprimento do acordo de greve de 2022; o n\u00edvel superior para ingresso de T\u00e9cnico do Seguro Social; incorpora\u00e7\u00e3o de gratifica\u00e7\u00f5es; jornada de trabalho de 30 horas para todos e cumprimento das jornadas de trabalho previstas em lei; revoga\u00e7\u00e3o de normas que determinam o fim do teletrabalho e estabelecimento de programa de gest\u00e3o de desempenho; condi\u00e7\u00f5es de trabalho e direitos do trabalho para todos, independente da modalidade de trabalho; fim do ass\u00e9dio moral institucional; e reestrutura\u00e7\u00e3o dos servi\u00e7os previdenci\u00e1rios.<\/p>\n<p>Fonte: Ag\u00eancia Brasil<\/p>\n","protected":false},"excerpt":{"rendered":"<p>A greve dos servidores do Instituto Nacional do Seguro Social (INSS) entrou nesta sexta-feira (19) no terceiro dia. Embora sustente que a paralisa\u00e7\u00e3o dos servidores&#8230;<\/p>\n","protected":false},"author":1527,"featured_media":52699,"comment_status":"closed","ping_status":"closed","sticky":false,"template":"","format":"standard","meta":{"footnotes":""},"categories":[6],"tags":[],"class_list":["post-52697","post","type-post","status-publish","format-standard","has-post-thumbnail","hentry","category-noticias"],"_links":{"self":[{"href":"https:\/\/www.sincomam.org.br\/index.php\/wp-json\/wp\/v2\/posts\/52697","targetHints":{"allow":["GET"]}}],"collection":[{"href":"https:\/\/www.sincomam.org.br\/index.php\/wp-json\/wp\/v2\/posts"}],"about":[{"href":"https:\/\/www.sincomam.org.br\/index.php\/wp-json\/wp\/v2\/types\/post"}],"author":[{"embeddable":true,"href":"https:\/\/www.sincomam.org.br\/index.php\/wp-json\/wp\/v2\/users\/1527"}],"replies":[{"embeddable":true,"href":"https:\/\/www.sincomam.org.br\/index.php\/wp-json\/wp\/v2\/comments?post=52697"}],"version-history":[{"count":1,"href":"https:\/\/www.sincomam.org.br\/index.php\/wp-json\/wp\/v2\/posts\/52697\/revisions"}],"predecessor-version":[{"id":52700,"href":"https:\/\/www.sincomam.org.br\/index.php\/wp-json\/wp\/v2\/posts\/52697\/revisions\/52700"}],"wp:featuredmedia":[{"embeddable":true,"href":"https:\/\/www.sincomam.org.br\/index.php\/wp-json\/wp\/v2\/media\/52699"}],"wp:attachment":[{"href":"https:\/\/www.sincomam.org.br\/index.php\/wp-json\/wp\/v2\/media?parent=52697"}],"wp:term":[{"taxonomy":"category","embeddable":true,"href":"https:\/\/www.sincomam.org.br\/index.php\/wp-json\/wp\/v2\/categories?post=52697"},{"taxonomy":"post_tag","embeddable":true,"href":"https:\/\/www.sincomam.org.br\/index.php\/wp-json\/wp\/v2\/tags?post=52697"}],"curies":[{"name":"wp","href":"https:\/\/api.w.org\/{rel}","templated":true}]}}