{"id":5266,"date":"2014-05-05T08:07:18","date_gmt":"2014-05-05T11:07:18","guid":{"rendered":"http:\/\/www.sincomam.org.br\/?p=5266"},"modified":"2014-05-04T18:03:19","modified_gmt":"2014-05-04T21:03:19","slug":"prioridade-absoluta-e-o-brasil-com-o-pre-sal-diz-graca","status":"publish","type":"post","link":"https:\/\/www.sincomam.org.br\/index.php\/prioridade-absoluta-e-o-brasil-com-o-pre-sal-diz-graca\/","title":{"rendered":"Prioridade absoluta \u00e9 o Brasil, com o pr\u00e9-sal, diz Gra\u00e7a"},"content":{"rendered":"<p>A presidente da Petrobras, Gra\u00e7a Foster, considerou que a produ\u00e7\u00e3o da estatal est\u00e1 &#8220;atrasada&#8221; e que a prioridade &#8220;absoluta&#8221; ser\u00e3o investimentos no Brasil.<\/p>\n<p>&#8220;Temos que aumentar a produ\u00e7\u00e3o, mas temos tido bons resultados, os bancos sabem disso. Trabalhamos por converg\u00eancia de pre\u00e7os e aumento de produ\u00e7\u00e3o, que sei que est\u00e1 atrasada&#8221;, disse.<\/p>\n<p>Segundo ela, atualmente, h\u00e1 mais de 40 sondas de perfura\u00e7\u00e3o, n\u00famero que, na gest\u00e3o do ex-presidente da estatal S\u00e9rgio Gabrielli, n\u00e3o chegava nem \u00e0 metade.<\/p>\n<p>A presidente da Petrobras tamb\u00e9m considerou nesta quarta-feira que n\u00e3o tinha conhecimento para &#8220;precisar sobre a necessidade ou n\u00e3o&#8221; da cria\u00e7\u00e3o de uma Comiss\u00e3o Parlamentar de Inqu\u00e9rito para investigar a estatal no Congresso.<\/p>\n<p>&#8220;Como cidad\u00e3 eu n\u00e3o tenho nenhum coment\u00e1rio a fazer, n\u00e3o posso comentar. N\u00e3o tenho conhecimento dos senhores para precisar sobre a necessidade ou n\u00e3o. Como presidente da Petrobras tenho dever de atend\u00ea-los, comparecer, atender a todos voc\u00eas&#8221;, afirmou.<\/p>\n<p>O presidente do Senado, Renan Calheiros (PMDB-AL), marcou para a pr\u00f3xima ter\u00e7a-feira uma reuni\u00e3o com os l\u00edderes do Senado e da C\u00e2mara para discutir um cronograma de instala\u00e7\u00e3o da CPI mista da Petrobras.<\/p>\n<p>O senador tamb\u00e9m confirmou a disposi\u00e7\u00e3o de recorrer da decis\u00e3o da ministra do STF Rosa Weber que determinou a instala\u00e7\u00e3o da investiga\u00e7\u00e3o exclusiva da estatal no Senado.<\/p>\n<p>Fonte: Exame<\/p>\n","protected":false},"excerpt":{"rendered":"<p>A presidente da Petrobras, Gra\u00e7a Foster, considerou que a produ\u00e7\u00e3o da estatal est\u00e1 &#8220;atrasada&#8221; e que a prioridade &#8220;absoluta&#8221; ser\u00e3o investimentos no Brasil. &#8220;Temos que&#8230;<\/p>\n","protected":false},"author":1182,"featured_media":3847,"comment_status":"closed","ping_status":"closed","sticky":false,"template":"","format":"standard","meta":{"footnotes":""},"categories":[6],"tags":[61,384,66,58,77],"class_list":["post-5266","post","type-post","status-publish","format-standard","has-post-thumbnail","hentry","category-noticias","tag-brasil","tag-graca-foster","tag-investimentos","tag-petrobras","tag-pre-sal"],"_links":{"self":[{"href":"https:\/\/www.sincomam.org.br\/index.php\/wp-json\/wp\/v2\/posts\/5266","targetHints":{"allow":["GET"]}}],"collection":[{"href":"https:\/\/www.sincomam.org.br\/index.php\/wp-json\/wp\/v2\/posts"}],"about":[{"href":"https:\/\/www.sincomam.org.br\/index.php\/wp-json\/wp\/v2\/types\/post"}],"author":[{"embeddable":true,"href":"https:\/\/www.sincomam.org.br\/index.php\/wp-json\/wp\/v2\/users\/1182"}],"replies":[{"embeddable":true,"href":"https:\/\/www.sincomam.org.br\/index.php\/wp-json\/wp\/v2\/comments?post=5266"}],"version-history":[{"count":1,"href":"https:\/\/www.sincomam.org.br\/index.php\/wp-json\/wp\/v2\/posts\/5266\/revisions"}],"predecessor-version":[{"id":5267,"href":"https:\/\/www.sincomam.org.br\/index.php\/wp-json\/wp\/v2\/posts\/5266\/revisions\/5267"}],"wp:featuredmedia":[{"embeddable":true,"href":"https:\/\/www.sincomam.org.br\/index.php\/wp-json\/wp\/v2\/media\/3847"}],"wp:attachment":[{"href":"https:\/\/www.sincomam.org.br\/index.php\/wp-json\/wp\/v2\/media?parent=5266"}],"wp:term":[{"taxonomy":"category","embeddable":true,"href":"https:\/\/www.sincomam.org.br\/index.php\/wp-json\/wp\/v2\/categories?post=5266"},{"taxonomy":"post_tag","embeddable":true,"href":"https:\/\/www.sincomam.org.br\/index.php\/wp-json\/wp\/v2\/tags?post=5266"}],"curies":[{"name":"wp","href":"https:\/\/api.w.org\/{rel}","templated":true}]}}