{"id":52644,"date":"2024-07-18T11:38:40","date_gmt":"2024-07-18T14:38:40","guid":{"rendered":"http:\/\/www.sincomam.org.br\/?p=52644"},"modified":"2024-07-18T11:38:40","modified_gmt":"2024-07-18T14:38:40","slug":"porto-de-sao-sebastiao-bate-recorde-de-movimentacao-de-cargas","status":"publish","type":"post","link":"https:\/\/www.sincomam.org.br\/index.php\/porto-de-sao-sebastiao-bate-recorde-de-movimentacao-de-cargas\/","title":{"rendered":"Porto de S\u00e3o Sebasti\u00e3o bate recorde de movimenta\u00e7\u00e3o de cargas"},"content":{"rendered":"<p>O Porto de S\u00e3o Sebasti\u00e3o bateu um novo recorde de movimenta\u00e7\u00e3o no primeiro semestre deste ano. Ao todo, foram movimentadas 760 mil toneladas, 57% mais que no mesmo per\u00edodo de 2023.<\/p>\n<p>Entre as principais cargas transportadas est\u00e3o o a\u00e7\u00facar a granel, com 287,5 mil toneladas; seguido de barrilha a granel, mat\u00e9ria-prima essencial na produ\u00e7\u00e3o de vidros e embalagens, com 190,3 mil toneladas; e o coque de petr\u00f3leo a granel, com 107,5 mil toneladas.<\/p>\n<p>&#8220;A amplia\u00e7\u00e3o da disponibilidade das \u00e1reas para armazenagem despertou o interesse de mais importadores e exportadores, que passaram a utilizar o porto de S\u00e3o Sebasti\u00e3o como alternativa log\u00edstica. O a\u00e7\u00facar a granel e o coque s\u00e3o exemplos de novas cargas&#8221;, explica o diretor-presidente da Companhia Docas de S\u00e3o Sebasti\u00e3o (CDSS), Ernesto Sampaio. 11 novos armaz\u00e9ns foram instalados pelos operadores portu\u00e1rios, perfazendo 14 estruturas.<\/p>\n<p>Ernesto observa, ainda, que foram feitos investimentos em melhorias importantes para o porto, como a reforma do centro de controle operacional, a pavimenta\u00e7\u00e3o de p\u00e1tios de armazenagem e das vias de acesso terrestre, um novo sistema de automa\u00e7\u00e3o da porta de acesso ao Porto e o monitoramento por circuito fechado de TV.<\/p>\n<p>Est\u00e1 em fase de modelagem processo de arrendamento que permitir\u00e1 a atra\u00e7\u00e3o de mais investimentos. &#8220;A consulta p\u00fablica est\u00e1 em fase de prepara\u00e7\u00e3o e deve ser publicada em breve\u201d, ressalta a secret\u00e1ria de Meio Ambiente, Infraestrutura e Log\u00edstica, Nat\u00e1lia Resende. Segundo ela, no contexto do novo Plano Estadual de Log\u00edstica e Investimento, que est\u00e1 em desenvolvimento e tem o objetivo de integrar os diversos modais, o Porto tem papel fundamental no escoamento de cargas para exporta\u00e7\u00e3o, junto com o Porto de Santos.<\/p>\n<p>Fonte: Governo do Estado de S\u00e3o Paulo<\/p>\n","protected":false},"excerpt":{"rendered":"<p>O Porto de S\u00e3o Sebasti\u00e3o bateu um novo recorde de movimenta\u00e7\u00e3o no primeiro semestre deste ano. Ao todo, foram movimentadas 760 mil toneladas, 57% mais&#8230;<\/p>\n","protected":false},"author":1527,"featured_media":52650,"comment_status":"closed","ping_status":"closed","sticky":false,"template":"","format":"standard","meta":{"footnotes":""},"categories":[6],"tags":[],"class_list":["post-52644","post","type-post","status-publish","format-standard","has-post-thumbnail","hentry","category-noticias"],"_links":{"self":[{"href":"https:\/\/www.sincomam.org.br\/index.php\/wp-json\/wp\/v2\/posts\/52644","targetHints":{"allow":["GET"]}}],"collection":[{"href":"https:\/\/www.sincomam.org.br\/index.php\/wp-json\/wp\/v2\/posts"}],"about":[{"href":"https:\/\/www.sincomam.org.br\/index.php\/wp-json\/wp\/v2\/types\/post"}],"author":[{"embeddable":true,"href":"https:\/\/www.sincomam.org.br\/index.php\/wp-json\/wp\/v2\/users\/1527"}],"replies":[{"embeddable":true,"href":"https:\/\/www.sincomam.org.br\/index.php\/wp-json\/wp\/v2\/comments?post=52644"}],"version-history":[{"count":1,"href":"https:\/\/www.sincomam.org.br\/index.php\/wp-json\/wp\/v2\/posts\/52644\/revisions"}],"predecessor-version":[{"id":52651,"href":"https:\/\/www.sincomam.org.br\/index.php\/wp-json\/wp\/v2\/posts\/52644\/revisions\/52651"}],"wp:featuredmedia":[{"embeddable":true,"href":"https:\/\/www.sincomam.org.br\/index.php\/wp-json\/wp\/v2\/media\/52650"}],"wp:attachment":[{"href":"https:\/\/www.sincomam.org.br\/index.php\/wp-json\/wp\/v2\/media?parent=52644"}],"wp:term":[{"taxonomy":"category","embeddable":true,"href":"https:\/\/www.sincomam.org.br\/index.php\/wp-json\/wp\/v2\/categories?post=52644"},{"taxonomy":"post_tag","embeddable":true,"href":"https:\/\/www.sincomam.org.br\/index.php\/wp-json\/wp\/v2\/tags?post=52644"}],"curies":[{"name":"wp","href":"https:\/\/api.w.org\/{rel}","templated":true}]}}