{"id":5256,"date":"2014-05-02T08:06:01","date_gmt":"2014-05-02T11:06:01","guid":{"rendered":"http:\/\/www.sincomam.org.br\/?p=5256"},"modified":"2014-05-01T18:12:07","modified_gmt":"2014-05-01T21:12:07","slug":"jovens-tem-ate-30-de-junho-para-se-alistar-no-servico-militar","status":"publish","type":"post","link":"https:\/\/www.sincomam.org.br\/index.php\/jovens-tem-ate-30-de-junho-para-se-alistar-no-servico-militar\/","title":{"rendered":"Jovens t\u00eam at\u00e9 30 de junho para se alistar no Servi\u00e7o Militar"},"content":{"rendered":"<p>Come\u00e7ou oper\u00edodo de alistamento para o Servi\u00e7o Militar, conforme o Plano Geral de Convoca\u00e7\u00e3o para 2015 do Minist\u00e9rio da Defesa. O Plano, que regula o Servi\u00e7o Militar inicial, estabelece que os jovens do sexo masculino que completam 18 anos em 2014 participam do processo seletivo. Caso sejam selecionados, poder\u00e3o servir a uma das tr\u00eas For\u00e7as Armadas (Marinha, Ex\u00e9rcito e Aeron\u00e1utica) a partir deste ano.<\/p>\n<p><strong>Convocados<\/strong><\/p>\n<p>Os jovens nascidos em 1996 devem se apresentar \u00e0 Junta de Servi\u00e7o Militar (JSM) municipal mais pr\u00f3xima da sua resid\u00eancia, levando certid\u00e3o de nascimento ou outro documento (RG, carteira de motorista ou de trabalho), comprovante de resid\u00eancia e uma foto recente, tamanho 3&#215;4. O prazo para o alistamento militar termina no dia 30 de junho de 2014.<\/p>\n<p>Caso o convocado tenha filhos, tamb\u00e9m \u00e9 necess\u00e1ria a apresenta\u00e7\u00e3o das certid\u00f5es de nascimento das crian\u00e7as. Pessoas com defici\u00eancia t\u00eam de mostrar atestado m\u00e9dico. Todos os documentos precisam ser apresentados em suas vers\u00f5es originais.<\/p>\n<p>No ano passado, mais de 2 milh\u00f5es de jovens se alistaram nas Juntas de todo o pa\u00eds. Cerca de 92 mil foram incorporados pelas For\u00e7as Armadas.<\/p>\n<p><strong>Dever<\/strong><\/p>\n<p>O alistamento \u00e9 um ato obrigat\u00f3rio, cujo descumprimento pode acarretar contratempos para o cidad\u00e3o, como n\u00e3o poder retirar passaporte, ingressar no servi\u00e7o p\u00fablico ou na iniciativa privada, entre outros. Al\u00e9m disso, a norma prev\u00ea o pagamento de multa, cujo valor varia de acordo com a quantidade de dias em que o candidato deixou de se alistar.<\/p>\n<p>Aqueles que perderem o prazo de alistamento (2 de janeiro a 30 de junho de 2014) s\u00f3 poder\u00e3o participar da sele\u00e7\u00e3o em 2015, para incorporar apenas em 2016.<\/p>\n<p><a href=\"https:\/\/www.sermilweb.eb.mil.br\/sermilweb\/jsm.action\" target=\"_blank\"><strong>Confira os locais das Juntas de Servi\u00e7o Militar (JSM).<\/strong><\/a><\/p>\n<p><a href=\"http:\/\/www.defesa.gov.br\/lai\/index.php\/component\/content\/article\/24-perguntas-frequentes\/56-alistamento-militar\" target=\"_blank\"><strong>Tire suas d\u00favidas acerca do Servi\u00e7o Militar.<\/strong><\/a><\/p>\n<p>Fonte: Ascom \/ Minist\u00e9rio da Defesa<\/p>\n","protected":false},"excerpt":{"rendered":"<p>Come\u00e7ou oper\u00edodo de alistamento para o Servi\u00e7o Militar, conforme o Plano Geral de Convoca\u00e7\u00e3o para 2015 do Minist\u00e9rio da Defesa. O Plano, que regula o&#8230;<\/p>\n","protected":false},"author":1182,"featured_media":5258,"comment_status":"closed","ping_status":"closed","sticky":false,"template":"","format":"standard","meta":{"footnotes":""},"categories":[6],"tags":[336,1070,15,1069],"class_list":["post-5256","post","type-post","status-publish","format-standard","has-post-thumbnail","hentry","category-noticias","tag-inscricoes","tag-jovens","tag-marinha","tag-recrutamento"],"_links":{"self":[{"href":"https:\/\/www.sincomam.org.br\/index.php\/wp-json\/wp\/v2\/posts\/5256","targetHints":{"allow":["GET"]}}],"collection":[{"href":"https:\/\/www.sincomam.org.br\/index.php\/wp-json\/wp\/v2\/posts"}],"about":[{"href":"https:\/\/www.sincomam.org.br\/index.php\/wp-json\/wp\/v2\/types\/post"}],"author":[{"embeddable":true,"href":"https:\/\/www.sincomam.org.br\/index.php\/wp-json\/wp\/v2\/users\/1182"}],"replies":[{"embeddable":true,"href":"https:\/\/www.sincomam.org.br\/index.php\/wp-json\/wp\/v2\/comments?post=5256"}],"version-history":[{"count":1,"href":"https:\/\/www.sincomam.org.br\/index.php\/wp-json\/wp\/v2\/posts\/5256\/revisions"}],"predecessor-version":[{"id":5259,"href":"https:\/\/www.sincomam.org.br\/index.php\/wp-json\/wp\/v2\/posts\/5256\/revisions\/5259"}],"wp:featuredmedia":[{"embeddable":true,"href":"https:\/\/www.sincomam.org.br\/index.php\/wp-json\/wp\/v2\/media\/5258"}],"wp:attachment":[{"href":"https:\/\/www.sincomam.org.br\/index.php\/wp-json\/wp\/v2\/media?parent=5256"}],"wp:term":[{"taxonomy":"category","embeddable":true,"href":"https:\/\/www.sincomam.org.br\/index.php\/wp-json\/wp\/v2\/categories?post=5256"},{"taxonomy":"post_tag","embeddable":true,"href":"https:\/\/www.sincomam.org.br\/index.php\/wp-json\/wp\/v2\/tags?post=5256"}],"curies":[{"name":"wp","href":"https:\/\/api.w.org\/{rel}","templated":true}]}}