{"id":52520,"date":"2024-07-17T07:30:34","date_gmt":"2024-07-17T10:30:34","guid":{"rendered":"http:\/\/www.sincomam.org.br\/?p=52520"},"modified":"2024-07-17T07:30:34","modified_gmt":"2024-07-17T10:30:34","slug":"stf-prorroga-ate-setembro-prazo-de-suspensao-da-desoneracao-da-folha","status":"publish","type":"post","link":"https:\/\/www.sincomam.org.br\/index.php\/stf-prorroga-ate-setembro-prazo-de-suspensao-da-desoneracao-da-folha\/","title":{"rendered":"STF prorroga at\u00e9 setembro prazo de suspens\u00e3o da desonera\u00e7\u00e3o da folha"},"content":{"rendered":"<p>O ministro Edson Fachin, do Supremo Tribunal Federal (STF), prorrogou at\u00e9 11 de setembro a suspens\u00e3o do processo que trata da desonera\u00e7\u00e3o de impostos sobre a folha de pagamento de 17 setores da economia e de determinados munic\u00edpios at\u00e9 2027.<\/p>\n<p>O\u00a0pedido de prorroga\u00e7\u00e3o\u00a0foi feito nesta ter\u00e7a-feira (16) pelo Senado Federal e pela Advocacia-Geral da Uni\u00e3o (AGU), que pretendem utilizar o prazo para encerrar as negocia\u00e7\u00f5es entre o governo federal e parlamentares para um acordo envolvendo a compensa\u00e7\u00e3o financeira da Uni\u00e3o pela desonera\u00e7\u00e3o dos setores. Na tarde de hoje, o presidente do Senado, Rodrigo Pacheco, anunciou o adiamento da vota\u00e7\u00e3o da proposta sobre a compensa\u00e7\u00e3o das perdas.<\/p>\n<p>No dia 25 de abril, o ministro Cristiano Zanin, relator do processo, concedeu liminar para suspender a desonera\u00e7\u00e3o de impostos sobre a folha de pagamento. O ministro entendeu que a aprova\u00e7\u00e3o da desonera\u00e7\u00e3o pelo Congresso n\u00e3o indicou o impacto financeiro nas contas p\u00fablicas.<\/p>\n<p>No m\u00eas seguinte, Zanin acatou pedido da AGU e suspendeu a desonera\u00e7\u00e3o por 60 dias para permitir que o Congresso e o governo cheguem ao acordo de compensa\u00e7\u00e3o.<\/p>\n<p>Fachin proferiu a decis\u00e3o na condi\u00e7\u00e3o de vice-presidente da Corte. Devido ao recesso de julho, cabe ao presidente em exerc\u00edcio decidir quest\u00f5es urgentes.<\/p>\n<p>Na decis\u00e3o, Fachin entendeu que o governo e os parlamentares devem ter o tempo necess\u00e1rio para a constru\u00e7\u00e3o do acordo.<\/p>\n<p>&#8220;Est\u00e1 comprovado nos autos o esfor\u00e7o efetivo dos poderes Executivo e Legislativo federal, assim como dos diversos grupos da sociedade civil para a resolu\u00e7\u00e3o da quest\u00e3o. Portanto, cabe \u00e0 jurisdi\u00e7\u00e3o constitucional fomentar tais espa\u00e7os e a constru\u00e7\u00e3o pol\u00edtica de tais solu\u00e7\u00f5es&#8221;, justificou o ministro.<\/p>\n<p>Fonte: Ag\u00eancia Brasil<\/p>\n","protected":false},"excerpt":{"rendered":"<p>O ministro Edson Fachin, do Supremo Tribunal Federal (STF), prorrogou at\u00e9 11 de setembro a suspens\u00e3o do processo que trata da desonera\u00e7\u00e3o de impostos sobre&#8230;<\/p>\n","protected":false},"author":1527,"featured_media":52522,"comment_status":"closed","ping_status":"closed","sticky":false,"template":"","format":"standard","meta":{"footnotes":""},"categories":[6],"tags":[],"class_list":["post-52520","post","type-post","status-publish","format-standard","has-post-thumbnail","hentry","category-noticias"],"_links":{"self":[{"href":"https:\/\/www.sincomam.org.br\/index.php\/wp-json\/wp\/v2\/posts\/52520","targetHints":{"allow":["GET"]}}],"collection":[{"href":"https:\/\/www.sincomam.org.br\/index.php\/wp-json\/wp\/v2\/posts"}],"about":[{"href":"https:\/\/www.sincomam.org.br\/index.php\/wp-json\/wp\/v2\/types\/post"}],"author":[{"embeddable":true,"href":"https:\/\/www.sincomam.org.br\/index.php\/wp-json\/wp\/v2\/users\/1527"}],"replies":[{"embeddable":true,"href":"https:\/\/www.sincomam.org.br\/index.php\/wp-json\/wp\/v2\/comments?post=52520"}],"version-history":[{"count":1,"href":"https:\/\/www.sincomam.org.br\/index.php\/wp-json\/wp\/v2\/posts\/52520\/revisions"}],"predecessor-version":[{"id":52523,"href":"https:\/\/www.sincomam.org.br\/index.php\/wp-json\/wp\/v2\/posts\/52520\/revisions\/52523"}],"wp:featuredmedia":[{"embeddable":true,"href":"https:\/\/www.sincomam.org.br\/index.php\/wp-json\/wp\/v2\/media\/52522"}],"wp:attachment":[{"href":"https:\/\/www.sincomam.org.br\/index.php\/wp-json\/wp\/v2\/media?parent=52520"}],"wp:term":[{"taxonomy":"category","embeddable":true,"href":"https:\/\/www.sincomam.org.br\/index.php\/wp-json\/wp\/v2\/categories?post=52520"},{"taxonomy":"post_tag","embeddable":true,"href":"https:\/\/www.sincomam.org.br\/index.php\/wp-json\/wp\/v2\/tags?post=52520"}],"curies":[{"name":"wp","href":"https:\/\/api.w.org\/{rel}","templated":true}]}}