{"id":52504,"date":"2024-07-17T07:23:44","date_gmt":"2024-07-17T10:23:44","guid":{"rendered":"http:\/\/www.sincomam.org.br\/?p=52504"},"modified":"2024-07-17T07:23:44","modified_gmt":"2024-07-17T10:23:44","slug":"previsao-de-semestre-desafiador-para-o-transporte-internacional-de-cargas","status":"publish","type":"post","link":"https:\/\/www.sincomam.org.br\/index.php\/previsao-de-semestre-desafiador-para-o-transporte-internacional-de-cargas\/","title":{"rendered":"Previs\u00e3o de semestre desafiador para o transporte internacional de cargas"},"content":{"rendered":"<p>O primeiro semestre de 2024 foi marcado por adversidades e transforma\u00e7\u00f5es no com\u00e9rcio exterior, ressaltando a import\u00e2ncia das quest\u00f5es geopol\u00edticas, mudan\u00e7as clim\u00e1ticas e avan\u00e7os tecnol\u00f3gicos. Na reflex\u00e3o sobre as tend\u00eancias e consequ\u00eancias que moldaram este per\u00edodo, fica claro que as quest\u00f5es geopol\u00edticas, as mudan\u00e7as clim\u00e1ticas em conjunto com os avan\u00e7os tecnol\u00f3gicos seguem desempenhando papel balizador no tabuleiro global dos neg\u00f3cios. A partir desses aspectos, \u00e9 poss\u00edvel explorar as perspectivas para o segundo semestre do ano.<\/p>\n<p>Os conflitos em Gaza, guerra entre R\u00fassia e Ucr\u00e2nia, e tens\u00f5es entre EUA e China afetaram diretamente o com\u00e9rcio global, causando incertezas e influenciando pol\u00edticas comerciais e tarifas. A instabilidade na Ucr\u00e2nia prejudicou as rotas de transporte na Europa Oriental, enquanto as tens\u00f5es EUA-China influenciaram o mercado global.<\/p>\n<p>No Mar Vermelho, o custo do transporte mar\u00edtimo aumentou devido \u00e0 continuidade dos desvios causados por conflitos, com o trajeto contornando o Cabo da Boa Esperan\u00e7a elevando os custos. De acordo com o rastreador de mercado de frete Xeneta, na \u00faltima semana de maio, o custo m\u00e9dio para transportar um cont\u00eainer de 40 p\u00e9s entre o Extremo Oriente e o norte da Europa \u2013 um valor altamente suscet\u00edvel \u00e0s varia\u00e7\u00f5es de mercado \u2013, alcan\u00e7ou US$ 4.343, quase o triplo do que no mesmo per\u00edodo do ano anterior.<\/p>\n<p>A seca cont\u00ednua no Canal do Panam\u00e1, devido ao fen\u00f4meno El Ni\u00f1o, reduziu o n\u00famero de travessias di\u00e1rias e afetou o fluxo de mercado no in\u00edcio de 2024, pois cerca de 5% do com\u00e9rcio mar\u00edtimo mundial passa por l\u00e1. O segundo semestre de 2023 foi um dos mais secos da hist\u00f3ria do canal, o que for\u00e7ou desvios de rotas e aumentou os custos log\u00edsticos. Mas h\u00e1 previs\u00e3o de melhorias: com a chegada da temporada de chuvas, em junho, o n\u00famero de travessias di\u00e1rias aumentou de 24 para 32.<\/p>\n<p>Apesar dos desafios, o setor de transporte mar\u00edtimo registrou movimenta\u00e7\u00f5es recordes. De acordo com a Secretaria de Com\u00e9rcio Exterior (Secex), do Minist\u00e9rio do Desenvolvimento, o valor das exporta\u00e7\u00f5es e importa\u00e7\u00f5es aumentou devido ao crescimento nos volumes, embora os pre\u00e7os tenham ca\u00eddo. Nos primeiros cinco meses do ano, as exporta\u00e7\u00f5es somaram US$ 138,8 bilh\u00f5es, com um super\u00e1vit comercial de US$ 35,89 bilh\u00f5es. A corrente de com\u00e9rcio atingiu US$ 241,73 bilh\u00f5es, refletindo um aumento de 2,1%. Como consequ\u00eancia, a balan\u00e7a comercial apresentou super\u00e1vit de US$ 35,89 bilh\u00f5es, com crescimento de 3,9%, e a corrente de com\u00e9rcio registrou aumento de 2,1%, atingindo US$ 241,73 bilh\u00f5es.<\/p>\n<p>O mercado sul-coreano se abriu para produtos brasileiros, e o Brasil assinou um memorando de coopera\u00e7\u00e3o econ\u00f4mica com a \u00c1ustria, al\u00e9m de expandir la\u00e7os comerciais com a Col\u00f4mbia e pa\u00edses \u00e1rabes. A demanda por carros el\u00e9tricos aumentou, impulsionada pela conscientiza\u00e7\u00e3o ambiental e avan\u00e7os tecnol\u00f3gicos, com crescimento de 20% no setor, apesar das novas tarifas de importa\u00e7\u00e3o.<\/p>\n<p>Tecnologia e intelig\u00eancia artificial est\u00e3o transformando a efici\u00eancia operacional e a seguran\u00e7a no setor, enquanto o compromisso com a descarboniza\u00e7\u00e3o permanece uma prioridade. O transporte mar\u00edtimo, respons\u00e1vel por cerca de 3% das emiss\u00f5es globais, est\u00e1 adotando metas rigorosas para reduzi-las, incentivando o uso de tecnologias verdes.<\/p>\n<p>Investimentos em infraestrutura tamb\u00e9m ser\u00e3o fundamentais. O plano de investimento de R$ 10,64 bilh\u00f5es para o Porto de Santos e os estudos do BNDES para o desenvolvimento econ\u00f4mico mar\u00edtimo na regi\u00e3o Sudeste demonstram um compromisso com o fortalecimento da log\u00edstica nacional.<\/p>\n<p>No setor de transporte de cargas, \u00e9 tempo de ajustes e adapta\u00e7\u00f5es. A previs\u00e3o \u00e9 de uma redu\u00e7\u00e3o na rentabilidade, mas um aumento no volume de importa\u00e7\u00f5es, estimado em 10%. No entanto, a rentabilidade das exporta\u00e7\u00f5es permanece est\u00e1vel, apesar da aus\u00eancia de crescimento no mercado e da retra\u00e7\u00e3o cont\u00ednua.<\/p>\n<p>Fonte: Portos e Navios<\/p>\n","protected":false},"excerpt":{"rendered":"<p>O primeiro semestre de 2024 foi marcado por adversidades e transforma\u00e7\u00f5es no com\u00e9rcio exterior, ressaltando a import\u00e2ncia das quest\u00f5es geopol\u00edticas, mudan\u00e7as clim\u00e1ticas e avan\u00e7os tecnol\u00f3gicos&#8230;.<\/p>\n","protected":false},"author":1527,"featured_media":52506,"comment_status":"closed","ping_status":"closed","sticky":false,"template":"","format":"standard","meta":{"footnotes":""},"categories":[6],"tags":[],"class_list":["post-52504","post","type-post","status-publish","format-standard","has-post-thumbnail","hentry","category-noticias"],"_links":{"self":[{"href":"https:\/\/www.sincomam.org.br\/index.php\/wp-json\/wp\/v2\/posts\/52504","targetHints":{"allow":["GET"]}}],"collection":[{"href":"https:\/\/www.sincomam.org.br\/index.php\/wp-json\/wp\/v2\/posts"}],"about":[{"href":"https:\/\/www.sincomam.org.br\/index.php\/wp-json\/wp\/v2\/types\/post"}],"author":[{"embeddable":true,"href":"https:\/\/www.sincomam.org.br\/index.php\/wp-json\/wp\/v2\/users\/1527"}],"replies":[{"embeddable":true,"href":"https:\/\/www.sincomam.org.br\/index.php\/wp-json\/wp\/v2\/comments?post=52504"}],"version-history":[{"count":1,"href":"https:\/\/www.sincomam.org.br\/index.php\/wp-json\/wp\/v2\/posts\/52504\/revisions"}],"predecessor-version":[{"id":52507,"href":"https:\/\/www.sincomam.org.br\/index.php\/wp-json\/wp\/v2\/posts\/52504\/revisions\/52507"}],"wp:featuredmedia":[{"embeddable":true,"href":"https:\/\/www.sincomam.org.br\/index.php\/wp-json\/wp\/v2\/media\/52506"}],"wp:attachment":[{"href":"https:\/\/www.sincomam.org.br\/index.php\/wp-json\/wp\/v2\/media?parent=52504"}],"wp:term":[{"taxonomy":"category","embeddable":true,"href":"https:\/\/www.sincomam.org.br\/index.php\/wp-json\/wp\/v2\/categories?post=52504"},{"taxonomy":"post_tag","embeddable":true,"href":"https:\/\/www.sincomam.org.br\/index.php\/wp-json\/wp\/v2\/tags?post=52504"}],"curies":[{"name":"wp","href":"https:\/\/api.w.org\/{rel}","templated":true}]}}