{"id":52481,"date":"2024-07-16T02:03:55","date_gmt":"2024-07-16T05:03:55","guid":{"rendered":"http:\/\/www.sincomam.org.br\/?p=52481"},"modified":"2024-07-16T02:03:55","modified_gmt":"2024-07-16T05:03:55","slug":"porto-de-imbituba-registra-crescimento-recorde-no-primeiro-semestre-de-2024","status":"publish","type":"post","link":"https:\/\/www.sincomam.org.br\/index.php\/porto-de-imbituba-registra-crescimento-recorde-no-primeiro-semestre-de-2024\/","title":{"rendered":"Porto de Imbituba registra crescimento recorde no primeiro semestre de 2024"},"content":{"rendered":"<p>Continuando a trajet\u00f3ria de resultados expressivos, a Autoridade Portu\u00e1ria de Imbituba concluiu os primeiros seis meses do ano com n\u00fameros hist\u00f3ricos. Em rela\u00e7\u00e3o ao mesmo per\u00edodo de 2023, houve um crescimento de 17,4% na movimenta\u00e7\u00e3o de cargas, somando cerca de 4,4 milh\u00f5es de toneladas, e recorde para o acumulado do ano.<\/p>\n<p>A opera\u00e7\u00e3o de cargas em junho tamb\u00e9m foi a maior marca para o m\u00eas em toda s\u00e9rie hist\u00f3rica do Porto Organizado de Imbituba, atingindo cerca de 756,5 mil toneladas, expressivos 43,3% acima do verificado em junho do \u00faltimo ano e 4,3% maior que o m\u00eas de\u00a0maio de 2024.<\/p>\n<p>Os n\u00fameros comprovam que o Porto de Imbituba continua em franca evolu\u00e7\u00e3o e no caminho certo para o desenvolvimento de suas opera\u00e7\u00f5es. Os primeiros seis meses do ano foram comemorados pelo presidente da Autoridade Portu\u00e1ria de Imbituba Urbano Lopes de Sousa Netto: \u201cPara este ano planejamos investir mais de R$ 50 milh\u00f5es com o intuito de expandir cada vez mais nossas opera\u00e7\u00f5es portu\u00e1rias. \u201d.<\/p>\n<p>No que diz respeito ao fluxo de embarca\u00e7\u00f5es, o m\u00eas de junho se iguala ao recorde de 33 navios atracados, atingidos no \u00faltimo m\u00eas de maio, equiparando o melhor resultado da s\u00e9rie\u00a0hist\u00f3rica. Nos seis primeiros meses de 2024, atracaram 162 embarca\u00e7\u00f5es no Porto de Imbituba, acr\u00e9scimo de 11,7% em rela\u00e7\u00e3o ao mesmo per\u00edodo de 2023.<\/p>\n<p>Em junho, verificou-se a manuten\u00e7\u00e3o no fluxo comercial de movimenta\u00e7\u00f5es de cargas do Porto, com um leve decl\u00ednio no n\u00famero de embarques em rela\u00e7\u00e3o a maio (-4%<b>)<\/b>\u00a0e superior ao mesmo per\u00edodo de 2023\u00a0(+9,5%), tornando-o assim o principal curso dos produtos que passaram pelo Porto. J\u00e1 os desembarques tiveram acr\u00e9scimo em junho (+16,3%), se comparados ao m\u00eas de maio e um aumento significativo (+125,3%) em rela\u00e7\u00e3o a junho de 2023.<\/p>\n<p>Dentre todo fluxo comercial de cargas (embarques e desembarques), os maiores volumes operados continuam sendo o coque de petr\u00f3leo, os cont\u00eaineres, os farelos de milho e soja, o sal, a soja e o trigo. Em evid\u00eancia a continuidade da m\u00e9dia de movimenta\u00e7\u00e3o de 50 mil toneladas de a\u00e7\u00facar (granel).<\/p>\n<p>No primeiro semestre de 2024, a lideran\u00e7a das exporta\u00e7\u00f5es (52,9% do total) vem acompanhada de alta de 19,3% na tonelagem enviada ao exterior, se comparada ao realizado no mesmo per\u00edodo de 2023. Em contrapartida, as importa\u00e7\u00f5es garantiram a fatia de 37,8% das opera\u00e7\u00f5es com cargas no Porto de Imbituba, com acr\u00e9scimo de 24,7% na\u00a0compara\u00e7\u00e3o com o mesmo per\u00edodo de 2023.<\/p>\n<p>Em refer\u00eancia \u00e0 cabotagem, navega\u00e7\u00e3o entre portos do mesmo pa\u00eds, a mesma representou 8,9% da movimenta\u00e7\u00e3o do Porto no acumulado de janeiro a junho, indicando uma redu\u00e7\u00e3o de 14,6% na quantidade de cargas em rela\u00e7\u00e3o ao mesmo per\u00edodo do ano passado.<\/p>\n<p>Os gran\u00e9is s\u00f3lidos representaram 3,58 milh\u00f5es de toneladas no acumulado do ano, crescimento de 15,7% no comparativo com o mesmo per\u00edodo de 2023, distinguindo-se como a maior marca no acumulado do primeiro semestre do ano na hist\u00f3ria do Porto de Imbituba. Tais cargas (Granel s\u00f3lido) representam 81,9% de toda a movimenta\u00e7\u00e3o portu\u00e1ria, com especial relev\u00e2ncia para o coque de petr\u00f3leo, que operou 1.083.063 toneladas em 2024. No contexto geral, as maiores movimenta\u00e7\u00f5es dentro da rubrica granel s\u00f3lido foram de coque de petr\u00f3leo, trigo, farelos de milho e de soja, sal, soja e gipsita.<\/p>\n<p>Segundo dados do Minist\u00e9rio do Desenvolvimento, Ind\u00fastria, Com\u00e9rcio e Servi\u00e7os (Governo\u00a0Federal), as opera\u00e7\u00f5es de importa\u00e7\u00e3o e exporta\u00e7\u00e3o em Imbituba movimentaram mais de 1,1 bilh\u00e3o de d\u00f3lares neste primeiro semestre de 2024, crescimento de 18,5% em rela\u00e7\u00e3o\u00a0ao mesmo per\u00edodo de 2023.<\/p>\n<p>Para o secret\u00e1rio de Portos, Aeroportos e Ferrovias (SPAF), Beto Martins, os n\u00fameros seguem confirmando o crescimento no desempenho do Porto. \u201cUm reconhecimento ao trabalho e gest\u00e3o portu\u00e1ria que vem resultando em produtividade na movimenta\u00e7\u00e3o de cargas\u201d, afirma Martins.<\/p>\n<p>\u201cEsses resultados, al\u00e9m de contribuir para Imbituba se consolidar como uma alternativa log\u00edstica competitiva, representam uma busca constante por uma melhor gest\u00e3o do Porto com resultados que todos ganham\u201d, avalia o diretor-presidente da SCPAR Porto de Imbituba, Urbano Lopes de Sousa Netto.<\/p>\n<p>Fonte: Assessoria de Comunica\u00e7\u00e3o da SCPAR Porto de Imbituba<\/p>\n","protected":false},"excerpt":{"rendered":"<p>Continuando a trajet\u00f3ria de resultados expressivos, a Autoridade Portu\u00e1ria de Imbituba concluiu os primeiros seis meses do ano com n\u00fameros hist\u00f3ricos. Em rela\u00e7\u00e3o ao mesmo&#8230;<\/p>\n","protected":false},"author":1527,"featured_media":52483,"comment_status":"closed","ping_status":"closed","sticky":false,"template":"","format":"standard","meta":{"footnotes":""},"categories":[6],"tags":[],"class_list":["post-52481","post","type-post","status-publish","format-standard","has-post-thumbnail","hentry","category-noticias"],"_links":{"self":[{"href":"https:\/\/www.sincomam.org.br\/index.php\/wp-json\/wp\/v2\/posts\/52481","targetHints":{"allow":["GET"]}}],"collection":[{"href":"https:\/\/www.sincomam.org.br\/index.php\/wp-json\/wp\/v2\/posts"}],"about":[{"href":"https:\/\/www.sincomam.org.br\/index.php\/wp-json\/wp\/v2\/types\/post"}],"author":[{"embeddable":true,"href":"https:\/\/www.sincomam.org.br\/index.php\/wp-json\/wp\/v2\/users\/1527"}],"replies":[{"embeddable":true,"href":"https:\/\/www.sincomam.org.br\/index.php\/wp-json\/wp\/v2\/comments?post=52481"}],"version-history":[{"count":1,"href":"https:\/\/www.sincomam.org.br\/index.php\/wp-json\/wp\/v2\/posts\/52481\/revisions"}],"predecessor-version":[{"id":52484,"href":"https:\/\/www.sincomam.org.br\/index.php\/wp-json\/wp\/v2\/posts\/52481\/revisions\/52484"}],"wp:featuredmedia":[{"embeddable":true,"href":"https:\/\/www.sincomam.org.br\/index.php\/wp-json\/wp\/v2\/media\/52483"}],"wp:attachment":[{"href":"https:\/\/www.sincomam.org.br\/index.php\/wp-json\/wp\/v2\/media?parent=52481"}],"wp:term":[{"taxonomy":"category","embeddable":true,"href":"https:\/\/www.sincomam.org.br\/index.php\/wp-json\/wp\/v2\/categories?post=52481"},{"taxonomy":"post_tag","embeddable":true,"href":"https:\/\/www.sincomam.org.br\/index.php\/wp-json\/wp\/v2\/tags?post=52481"}],"curies":[{"name":"wp","href":"https:\/\/api.w.org\/{rel}","templated":true}]}}