{"id":52450,"date":"2024-07-15T09:12:27","date_gmt":"2024-07-15T12:12:27","guid":{"rendered":"http:\/\/www.sincomam.org.br\/?p=52450"},"modified":"2024-07-15T09:12:27","modified_gmt":"2024-07-15T12:12:27","slug":"cattalini-terminais-anuncia-aumento-de-calado-no-berco-interno","status":"publish","type":"post","link":"https:\/\/www.sincomam.org.br\/index.php\/cattalini-terminais-anuncia-aumento-de-calado-no-berco-interno\/","title":{"rendered":"Cattalini Terminais an\u00fancia aumento de calado no ber\u00e7o interno"},"content":{"rendered":"<p>A Cattalini Terminais Mar\u00edtimos ampliou o calado do ber\u00e7o interno do seu p\u00eder privado, passando de 12 para 12,5 metros. Ap\u00f3s as recentes campanhas de dragagem, o novo calado recebeu a anu\u00eancia formal das autoridades mar\u00edtima e portu\u00e1ria e da praticagem de Paranagu\u00e1, atestando as condi\u00e7\u00f5es de seguran\u00e7a das manobras dos navios.<\/p>\n<p>\u201cCom o aumento do calado, as opera\u00e7\u00f5es no p\u00eder Cattalini ser\u00e3o otimizadas, permitindo maior equil\u00edbrio das atraca\u00e7\u00f5es dos navios entre os ber\u00e7os interno e externo, com agilidade e efici\u00eancia no tempo de espera para as atraca\u00e7\u00f5es\u201d, avaliou Carlos Katsuji\u00a0Ichi, gerente operacional s\u00eanior.<\/p>\n<p>O p\u00eder da Cattalini Terminais conta com dois ber\u00e7os de atraca\u00e7\u00e3o. O externo possui calado de 12,8 metros e o ber\u00e7o interno os atuais 12,5 metros. A estrutura tem capacidade para receber navios de 229 e 190 metros de comprimento, respectivamente.<\/p>\n<p>No ano passado, a Cattalini movimentou 5,3 milh\u00f5es de toneladas de gran\u00e9is l\u00edquidos, um aumento de 4% em rela\u00e7\u00e3o a 2022. Os resultados foram impulsionados, principalmente, pelas exporta\u00e7\u00f5es de \u00f3leos vegetais e biodiesel e pelas importa\u00e7\u00f5es de metanol, derivados de petr\u00f3leo e soda c\u00e1ustica.<\/p>\n<p>43 anos<\/p>\n<p>O an\u00fancio do aumento de calado foi divulgado em clima de dupla comemora\u00e7\u00e3o, pois a empresa celebra, neste m\u00eas, seus 43 anos de funda\u00e7\u00e3o junto com os 376 anos da cidade de Paranagu\u00e1.<\/p>\n<p>Fonte: Portos e Navios<\/p>\n","protected":false},"excerpt":{"rendered":"<p>A Cattalini Terminais Mar\u00edtimos ampliou o calado do ber\u00e7o interno do seu p\u00eder privado, passando de 12 para 12,5 metros. Ap\u00f3s as recentes campanhas de&#8230;<\/p>\n","protected":false},"author":1527,"featured_media":52452,"comment_status":"closed","ping_status":"closed","sticky":false,"template":"","format":"standard","meta":{"footnotes":""},"categories":[6],"tags":[],"class_list":["post-52450","post","type-post","status-publish","format-standard","has-post-thumbnail","hentry","category-noticias"],"_links":{"self":[{"href":"https:\/\/www.sincomam.org.br\/index.php\/wp-json\/wp\/v2\/posts\/52450","targetHints":{"allow":["GET"]}}],"collection":[{"href":"https:\/\/www.sincomam.org.br\/index.php\/wp-json\/wp\/v2\/posts"}],"about":[{"href":"https:\/\/www.sincomam.org.br\/index.php\/wp-json\/wp\/v2\/types\/post"}],"author":[{"embeddable":true,"href":"https:\/\/www.sincomam.org.br\/index.php\/wp-json\/wp\/v2\/users\/1527"}],"replies":[{"embeddable":true,"href":"https:\/\/www.sincomam.org.br\/index.php\/wp-json\/wp\/v2\/comments?post=52450"}],"version-history":[{"count":1,"href":"https:\/\/www.sincomam.org.br\/index.php\/wp-json\/wp\/v2\/posts\/52450\/revisions"}],"predecessor-version":[{"id":52453,"href":"https:\/\/www.sincomam.org.br\/index.php\/wp-json\/wp\/v2\/posts\/52450\/revisions\/52453"}],"wp:featuredmedia":[{"embeddable":true,"href":"https:\/\/www.sincomam.org.br\/index.php\/wp-json\/wp\/v2\/media\/52452"}],"wp:attachment":[{"href":"https:\/\/www.sincomam.org.br\/index.php\/wp-json\/wp\/v2\/media?parent=52450"}],"wp:term":[{"taxonomy":"category","embeddable":true,"href":"https:\/\/www.sincomam.org.br\/index.php\/wp-json\/wp\/v2\/categories?post=52450"},{"taxonomy":"post_tag","embeddable":true,"href":"https:\/\/www.sincomam.org.br\/index.php\/wp-json\/wp\/v2\/tags?post=52450"}],"curies":[{"name":"wp","href":"https:\/\/api.w.org\/{rel}","templated":true}]}}