{"id":52446,"date":"2024-07-15T09:11:16","date_gmt":"2024-07-15T12:11:16","guid":{"rendered":"http:\/\/www.sincomam.org.br\/?p=52446"},"modified":"2024-07-15T09:11:16","modified_gmt":"2024-07-15T12:11:16","slug":"porto-de-manaus-aplica-sobretaxa-de-agua-baixa-antecipando-temporada-de-seca","status":"publish","type":"post","link":"https:\/\/www.sincomam.org.br\/index.php\/porto-de-manaus-aplica-sobretaxa-de-agua-baixa-antecipando-temporada-de-seca\/","title":{"rendered":"Porto de Manaus aplica sobretaxa de \u00e1gua baixa, antecipando temporada de seca"},"content":{"rendered":"<p>As empresas que operam no Porto de Manaus estabeleceram uma sobretaxa de \u00e1gua baixa. Em carta endere\u00e7ada aos clientes, a MSC estabeleceu uma sobretaxa de US$ 5.000\/cont\u00eainer a partir de 1\u00ba de agosto, por tempo indeterminado, at\u00e9 que os n\u00edveis de \u00e1gua voltem ao normal. As rotas afetadas pela taxa extra s\u00e3o de\/para Manaus para os EUA, Canad\u00e1, M\u00e9xico, Am\u00e9rica Central, Caribe, Costa Leste e Oeste da Am\u00e9rica do Sul e Venezuela.<\/p>\n<p>Uma empresa de cabotagem em Manaus, enquanto isso, anunciou um servi\u00e7o adicional de barca\u00e7as a partir de 1\u00ba de setembro, para transportar cargas de navios para o continente quando os n\u00edveis de \u00e1gua estiverem baixos. Os pre\u00e7os variam de R$ 12.500\/unidade a R$ 15.000\/unidade e podem aumentar o tempo de tr\u00e2nsito de quatro para 14 dias.<\/p>\n<p>Participantes do mercado mencionam que outras empresas j\u00e1 est\u00e3o oferecendo servi\u00e7os semelhantes.<\/p>\n<p>As secas impactam anualmente o Porto de Manaus a partir do final de agosto at\u00e9 o fim do ano. A preocupa\u00e7\u00e3o para este ano \u00e9 que os n\u00edveis de \u00e1gua j\u00e1 est\u00e3o em seus menores n\u00edveis para os meses de junho e julho desde 2014.<\/p>\n<p>Dados da Ag\u00eancia Nacional de \u00c1guas mostram que o Rio Negro atingiu a marca de 26 metros no in\u00edcio de julho, abaixo de todos os n\u00edveis anteriores para o per\u00edodo.<\/p>\n<p>A pior seca foi registrada em 2023, quando os n\u00edveis de \u00e1gua atingiram os n\u00fameros mais baixos em novembro, 13 metros.<\/p>\n<p>Fonte: Portos e Navios<\/p>\n","protected":false},"excerpt":{"rendered":"<p>As empresas que operam no Porto de Manaus estabeleceram uma sobretaxa de \u00e1gua baixa. Em carta endere\u00e7ada aos clientes, a MSC estabeleceu uma sobretaxa de&#8230;<\/p>\n","protected":false},"author":1527,"featured_media":52448,"comment_status":"closed","ping_status":"closed","sticky":false,"template":"","format":"standard","meta":{"footnotes":""},"categories":[6],"tags":[],"class_list":["post-52446","post","type-post","status-publish","format-standard","has-post-thumbnail","hentry","category-noticias"],"_links":{"self":[{"href":"https:\/\/www.sincomam.org.br\/index.php\/wp-json\/wp\/v2\/posts\/52446","targetHints":{"allow":["GET"]}}],"collection":[{"href":"https:\/\/www.sincomam.org.br\/index.php\/wp-json\/wp\/v2\/posts"}],"about":[{"href":"https:\/\/www.sincomam.org.br\/index.php\/wp-json\/wp\/v2\/types\/post"}],"author":[{"embeddable":true,"href":"https:\/\/www.sincomam.org.br\/index.php\/wp-json\/wp\/v2\/users\/1527"}],"replies":[{"embeddable":true,"href":"https:\/\/www.sincomam.org.br\/index.php\/wp-json\/wp\/v2\/comments?post=52446"}],"version-history":[{"count":1,"href":"https:\/\/www.sincomam.org.br\/index.php\/wp-json\/wp\/v2\/posts\/52446\/revisions"}],"predecessor-version":[{"id":52449,"href":"https:\/\/www.sincomam.org.br\/index.php\/wp-json\/wp\/v2\/posts\/52446\/revisions\/52449"}],"wp:featuredmedia":[{"embeddable":true,"href":"https:\/\/www.sincomam.org.br\/index.php\/wp-json\/wp\/v2\/media\/52448"}],"wp:attachment":[{"href":"https:\/\/www.sincomam.org.br\/index.php\/wp-json\/wp\/v2\/media?parent=52446"}],"wp:term":[{"taxonomy":"category","embeddable":true,"href":"https:\/\/www.sincomam.org.br\/index.php\/wp-json\/wp\/v2\/categories?post=52446"},{"taxonomy":"post_tag","embeddable":true,"href":"https:\/\/www.sincomam.org.br\/index.php\/wp-json\/wp\/v2\/tags?post=52446"}],"curies":[{"name":"wp","href":"https:\/\/api.w.org\/{rel}","templated":true}]}}