{"id":52429,"date":"2024-07-12T09:56:12","date_gmt":"2024-07-12T12:56:12","guid":{"rendered":"http:\/\/www.sincomam.org.br\/?p=52429"},"modified":"2024-07-12T09:56:12","modified_gmt":"2024-07-12T12:56:12","slug":"movimentacao-portuaria-no-rio-grande-do-sul-caiu-em-maio-deste-ano","status":"publish","type":"post","link":"https:\/\/www.sincomam.org.br\/index.php\/movimentacao-portuaria-no-rio-grande-do-sul-caiu-em-maio-deste-ano\/","title":{"rendered":"Movimenta\u00e7\u00e3o portu\u00e1ria no Rio Grande do Sul caiu em maio deste ano"},"content":{"rendered":"<p dir=\"ltr\">Devido ao estado de calamidade p\u00fablica que afetou o Rio Grande do Sul, a movimenta\u00e7\u00e3o portu\u00e1ria no m\u00eas de maio deste ano na regi\u00e3o caiu 24%, segundo os dados do Estat\u00edstico Aquavi\u00e1rio da Ag\u00eancia Nacional de Transportes Aquavi\u00e1rios (ANTAQ).<\/p>\n<p dir=\"ltr\">Esses dados abrangem tanto os portos p\u00fablicos, quanto os Terminais de Uso Privado (TUPs). Em rela\u00e7\u00e3o aos tr\u00eas portos p\u00fablicos, o Porto de Porto Alegre informou para a ANTAQ aus\u00eancia de desatraca\u00e7\u00e3o em maio, ou seja, que n\u00e3o houve movimenta\u00e7\u00e3o ao longo do m\u00eas.<\/p>\n<p dir=\"ltr\">O Porto de Rio Grande apresentou movimenta\u00e7\u00e3o de 1,67 milh\u00e3o de toneladas de carga, uma queda de 13,18% em compara\u00e7\u00e3o com o mesmo per\u00edodo de 2023 e o Porto de Pelotas teve queda de 44,99%, com movimenta\u00e7\u00e3o de 0,38 milh\u00e3o.<\/p>\n<p dir=\"ltr\">No intuito de amenizar os efeitos das enchentes no Rio Grande do Sul, a ANTAQ apresentou diversas medidas como dar prioridades de embarca\u00e7\u00f5es at\u00e9 a isen\u00e7\u00e3o tarif\u00e1ria para o envio de donativos \u00e0s v\u00edtimas das enchentes na regi\u00e3o; autorizar movimenta\u00e7\u00e3o e armazenagem de cargas distintas para contratos, suspender contagem de livre estadia, entre outras. Saiba mais\u00a0<a href=\"https:\/\/www.gov.br\/antaq\/pt-br\/noticias\/2024\/agencia-adota-novas-acoes-emergenciais-em-apoio-a-populacao-do-rio-grande-do-sul\">neste link<\/a>.<\/p>\n<p dir=\"ltr\"><strong>Movimenta\u00e7\u00e3o total<\/strong><\/p>\n<p dir=\"ltr\">Em maio, o setor portu\u00e1rio apresentou queda de 3,48% com a movimenta\u00e7\u00e3o de 110,0 milh\u00f5es de toneladas, em parte essa queda se deu pelos recuos apresentados no Estado do Rio Grande do Sul. No mesmo per\u00edodo de 2023 a movimenta\u00e7\u00e3o havia atingido 114,01 milh\u00f5es de toneladas.<\/p>\n<p dir=\"ltr\">No entanto, no acumulado do ano, de janeiro a maio de 2024, a movimenta\u00e7\u00e3o portu\u00e1ria cresceu 4,14%, em compara\u00e7\u00e3o com o ano anterior. A movimenta\u00e7\u00e3o total foi de 525,3 milh\u00f5es de toneladas de cargas.<\/p>\n<p dir=\"ltr\">Entre as principais mercadorias movimentadas no m\u00eas de maio, os destaques de crescimento foram Cereais (+35,24%), A\u00e7\u00facar (+28,52%) e Ferro Fundido, Ferro e A\u00e7o (11,89%).<\/p>\n<p dir=\"ltr\">Em rela\u00e7\u00e3o \u00e0s cargas conteinerizadas, a movimenta\u00e7\u00e3o do m\u00eas atingiu 12,33 milh\u00f5es de toneladas, um aumento de 14,61% em compara\u00e7\u00e3o com o mesmo per\u00edodo do ano passado, representando 1,10 milh\u00e3o de TEUs. Desse total, 0,71 milh\u00e3o de TEUs foram movimentados em longo curso e 0,37 milh\u00e3o de TEUs por cabotagem.<\/p>\n<p dir=\"ltr\">Cargas gerais apresentaram crescimento de 6,19% frente a maio de 2023. Foram 4,91 milh\u00f5es de toneladas registradas no quinto m\u00eas do ano. Por sua vez, gran\u00e9is l\u00edquidos e s\u00f3lidos movimentaram 25,01 milh\u00f5es de toneladas (- 5,98%) e 67,78\u00a0 milh\u00f5es de toneladas (- 5,88%) durante o m\u00eas, respectivamente.<\/p>\n<p dir=\"ltr\"><strong>Navega\u00e7\u00e3o<\/strong><\/p>\n<p dir=\"ltr\">A movimenta\u00e7\u00e3o de cargas de longo curso foi de 79,09 milh\u00f5es de toneladas no quinto m\u00eas do ano de 2024, apresentando uma queda de 1,79% em compara\u00e7\u00e3o com o mesmo per\u00edodo do ano passado.<\/p>\n<p dir=\"ltr\">A cabotagem apresentou um recuo de 2,39% em compara\u00e7\u00e3o com o mesmo per\u00edodo do ano passado, atingindo uma movimenta\u00e7\u00e3o de 23,62 milh\u00f5es de toneladas. J\u00e1 a cabotagem de cont\u00eaineres cresceu 22,50% em compara\u00e7\u00e3o com o quinto m\u00eas do ano.<\/p>\n<p dir=\"ltr\">As opera\u00e7\u00f5es de navega\u00e7\u00e3o interior decresceram 21,25% em maio deste ano, atingindo uma movimenta\u00e7\u00e3o de 7,02 milh\u00f5es de toneladas.<\/p>\n<p dir=\"ltr\"><strong>Portos P\u00fablicos<\/strong><\/p>\n<p dir=\"ltr\">Os portos p\u00fablicos movimentaram 39,95 milh\u00f5es de toneladas em maio de 2024. O n\u00famero representa uma queda de 1,35% em compara\u00e7\u00e3o com o mesmo per\u00edodo do ano anterior.<\/p>\n<p dir=\"ltr\">O porto com maior movimenta\u00e7\u00e3o nos m\u00eas foi o de Santos, com 12,11 milh\u00f5es de toneladas, registrando um aumento de 1,89% frente ao mesmo per\u00edodo de 2023. Por sua vez, o Porto de Suape (PE) apresentou a maior evolu\u00e7\u00e3o percentual para o m\u00eas com crescimento de 18,75%, movimentando 2,34 milh\u00f5es de toneladas de cargas.<\/p>\n<p dir=\"ltr\"><strong>Terminais Privados<\/strong><\/p>\n<p dir=\"ltr\">Os Terminais de Uso Privado (TUPs) registraram 70,09 milh\u00f5es de toneladas em maio de 2024. O n\u00famero representa um recuo de 4,65% em compara\u00e7\u00e3o ao mesmo per\u00edodo do ano anterior.<\/p>\n<p dir=\"ltr\">Entre os principais 20 TUPs do pa\u00eds, os que mais cresceram em maio foram o Terminal Integrador Portu\u00e1rio Luiz Antonio Mesquita &#8211; Tiplam (SP), com 25,40%; o Terminal Portu\u00e1rio Privativo Da Alumar (MA), com 24,98%; e o Terminal Aquavi\u00e1rio De Angra Dos Reis (RJ), com 18,08%.<\/p>\n<p dir=\"ltr\"><strong>Painel Estat\u00edstico<\/strong><\/p>\n<p dir=\"ltr\">O\u00a0<a href=\"https:\/\/web3.antaq.gov.br\/ea\/sense\/index.html\">Painel Estat\u00edstico da ANTAQ<\/a>\u00a0pode ser acessado via smartphones e tablets, dispon\u00edvel no site da Ag\u00eancia. Na consulta eletr\u00f4nica podem ser checados dados de transporte de longo curso, cabotagem, vias interiores, al\u00e9m da movimenta\u00e7\u00e3o portu\u00e1ria de cont\u00eaineres.<\/p>\n<p dir=\"ltr\">Fonte: Antaq<\/p>\n","protected":false},"excerpt":{"rendered":"<p>Devido ao estado de calamidade p\u00fablica que afetou o Rio Grande do Sul, a movimenta\u00e7\u00e3o portu\u00e1ria no m\u00eas de maio deste ano na regi\u00e3o caiu&#8230;<\/p>\n","protected":false},"author":1527,"featured_media":52431,"comment_status":"closed","ping_status":"closed","sticky":false,"template":"","format":"standard","meta":{"footnotes":""},"categories":[6],"tags":[],"class_list":["post-52429","post","type-post","status-publish","format-standard","has-post-thumbnail","hentry","category-noticias"],"_links":{"self":[{"href":"https:\/\/www.sincomam.org.br\/index.php\/wp-json\/wp\/v2\/posts\/52429","targetHints":{"allow":["GET"]}}],"collection":[{"href":"https:\/\/www.sincomam.org.br\/index.php\/wp-json\/wp\/v2\/posts"}],"about":[{"href":"https:\/\/www.sincomam.org.br\/index.php\/wp-json\/wp\/v2\/types\/post"}],"author":[{"embeddable":true,"href":"https:\/\/www.sincomam.org.br\/index.php\/wp-json\/wp\/v2\/users\/1527"}],"replies":[{"embeddable":true,"href":"https:\/\/www.sincomam.org.br\/index.php\/wp-json\/wp\/v2\/comments?post=52429"}],"version-history":[{"count":1,"href":"https:\/\/www.sincomam.org.br\/index.php\/wp-json\/wp\/v2\/posts\/52429\/revisions"}],"predecessor-version":[{"id":52432,"href":"https:\/\/www.sincomam.org.br\/index.php\/wp-json\/wp\/v2\/posts\/52429\/revisions\/52432"}],"wp:featuredmedia":[{"embeddable":true,"href":"https:\/\/www.sincomam.org.br\/index.php\/wp-json\/wp\/v2\/media\/52431"}],"wp:attachment":[{"href":"https:\/\/www.sincomam.org.br\/index.php\/wp-json\/wp\/v2\/media?parent=52429"}],"wp:term":[{"taxonomy":"category","embeddable":true,"href":"https:\/\/www.sincomam.org.br\/index.php\/wp-json\/wp\/v2\/categories?post=52429"},{"taxonomy":"post_tag","embeddable":true,"href":"https:\/\/www.sincomam.org.br\/index.php\/wp-json\/wp\/v2\/tags?post=52429"}],"curies":[{"name":"wp","href":"https:\/\/api.w.org\/{rel}","templated":true}]}}