{"id":52404,"date":"2024-07-11T08:39:17","date_gmt":"2024-07-11T11:39:17","guid":{"rendered":"http:\/\/www.sincomam.org.br\/?p=52404"},"modified":"2024-07-11T08:39:40","modified_gmt":"2024-07-11T11:39:40","slug":"servidores-do-inss-entram-em-greve-por-melhores-salarios","status":"publish","type":"post","link":"https:\/\/www.sincomam.org.br\/index.php\/servidores-do-inss-entram-em-greve-por-melhores-salarios\/","title":{"rendered":"Servidores do INSS entram em greve por melhores sal\u00e1rios"},"content":{"rendered":"<p>Os servidores do Instituto Nacional do Seguro Social (INSS), ligados ao Sindicato dos Trabalhadores do Seguro Social e Previd\u00eancia Social no Estado de S\u00e3o Paulo\u00a0 iniciaram nesta quarta-feira (10) uma greve\u00a0a n\u00edvel nacional. A paralisa\u00e7\u00e3o ocorre por falta de acordo com o governo federal sobre reajuste salarial, e atinge tanto quem trabalha de forma presencial nas ag\u00eancias quanto aqueles que atuam em\u00a0<em>home office<\/em>.<\/p>\n<p>A paralisa\u00e7\u00e3o pode afetar a an\u00e1lise da concess\u00e3o de benef\u00edcios como aposentadoria, pens\u00f5es, Benef\u00edcio de Presta\u00e7\u00e3o Continuada (BPC), atendimento presencial (exceto per\u00edcia m\u00e9dica e an\u00e1lise de recursos e revis\u00f5es de pens\u00f5es e aposentadorias. Apesar das in\u00fameras rodadas de negocia\u00e7\u00e3o com o governo, n\u00e3o houve acordo quanto ao reajuste salarial da categoria.<\/p>\n<p>De acordo com o Sindicato dos Trabalhadores do Seguro Social e Previd\u00eancia Social no estado de S\u00e3o Paulo (SINSSP) ficou aprovada a instala\u00e7\u00e3o do comando de greve, com a primeira reuni\u00e3o marcada para o dia 12, para analisar os rumos do movimento.<\/p>\n<p>O INSS tem 19 mil servidores ativos no quadro. A maioria \u2013 15 mil \u2013 formada por t\u00e9cnicos \u2013 respons\u00e1veis pela maioria dos servi\u00e7os da institui\u00e7\u00e3o, al\u00e9m de 4 mil analistas. Ao todo, 50% dos servidores, ainda est\u00e3o no trabalho remoto, em\u00a0<em>home office<\/em>.<\/p>\n<h2>Medidas<\/h2>\n<p>Por meio de nota, o INSS informou que vai estudar medidas de contingenciamento para que a popula\u00e7\u00e3o n\u00e3o seja afetada. No entanto, \u201cbalan\u00e7o da paralisa\u00e7\u00e3o iniciada nesta quarta-feira aponta que n\u00e3o houve impacto no sistema e no atendimento do INSS\u201d.<\/p>\n<p>O instituto diz ainda \u201cque mais de 100 servi\u00e7os do INSS podem ser realizados pela\u00a0<a href=\"https:\/\/meu.inss.gov.br\/#\/login\" target=\"_blank\" rel=\"noopener\">plataforma Meu INSS<\/a>, que tem vers\u00e3o para celular (app) e desktop. Al\u00e9m da Central de atendimento 135, que funciona de segunda a s\u00e1bado, de 7h \u00e0s 22h\u201d. Os cidad\u00e3os e cidad\u00e3s que necessitarem de algum servi\u00e7o do INSS, como requerimento, cumprir exig\u00eancia, solicitar aux\u00edlio-doen\u00e7a, por exemplo, podem utilizar esses meios.<\/p>\n<p>O INSS avalia que n\u00e3o h\u00e1 como relacionar greve de servidores iniciada nesta quarta-feira com os efeitos da checagem de benef\u00edcios que vai come\u00e7ar somente em agosto pr\u00f3ximo.<\/p>\n<h2>Outra convoca\u00e7\u00e3o<\/h2>\n<p>Os servidores do Instituto Nacional do Seguro Social marcaram para entrar em greve\u00a0por tempo indeterminado, a partir da pr\u00f3xima ter\u00e7a-feira (16). Esse movimento, convocado pela Federa\u00e7\u00e3o Nacional de Sindicatos de Trabalhadores em Sa\u00fade, Trabalho, Previd\u00eancia e Assist\u00eancia Social (Fenasps), comunicou por\u00a0of\u00edcio\u00a0 \u00e0 ministra de Gest\u00e3o e Inova\u00e7\u00e3o, Esther Dweck, e ao presidente do INSS, Alessandro Stefanutto, sobre a paralisa\u00e7\u00e3o da categoria em todo o pa\u00eds.<\/p>\n<p>No documento, a entidade de classe, informa que \u201cap\u00f3s an\u00e1lise das propostas apresentadas pelo governo, entenderam que a negocia\u00e7\u00e3o teve poucos avan\u00e7os\u201d. O texto diz ainda que [o governo] em vez de apresentar de proposta nova que fortale\u00e7a a carreira do Seguro Social, piora com o alongamento da carreira de 17 para 20 n\u00edveis e pela cria\u00e7\u00e3o de gratifica\u00e7\u00e3o de atividade\u201d. A proposta \u00e9 muito aqu\u00e9m das perdas salariais da categoria que superam os 53% no \u00faltimo per\u00edodo. A entidade enumera tamb\u00e9m que o acordo da greve de 2022 at\u00e9 agora n\u00e3o foi cumprido pelo governo.<\/p>\n<p>A Fenasps explica que no dia 31 deste m\u00eas, encerra o prazo para o INSS se adequar a Instru\u00e7\u00e3o Normativa 24 (IN24), que transforma os atuais programas de Gest\u00e3o, em Programas de Gest\u00e3o e Desempenho, o que significa uma piora na press\u00e3o para cumprimento de metas e a possibilidade de desconto de sal\u00e1rio no caso das metas n\u00e3o serem atingidas, bem como a abertura de Processo Administrativo Disciplinar (PAD) contra os servidores.<\/p>\n<p>A entidade convoca a categoria a participar das assembleias estaduais para definir os rumos do movimento.<\/p>\n<p>Fonte: Ag\u00eancia Brasil<\/p>\n","protected":false},"excerpt":{"rendered":"<p>Os servidores do Instituto Nacional do Seguro Social (INSS), ligados ao Sindicato dos Trabalhadores do Seguro Social e Previd\u00eancia Social no Estado de S\u00e3o Paulo\u00a0&#8230;<\/p>\n","protected":false},"author":1527,"featured_media":51499,"comment_status":"closed","ping_status":"closed","sticky":false,"template":"","format":"standard","meta":{"footnotes":""},"categories":[6],"tags":[],"class_list":["post-52404","post","type-post","status-publish","format-standard","has-post-thumbnail","hentry","category-noticias"],"_links":{"self":[{"href":"https:\/\/www.sincomam.org.br\/index.php\/wp-json\/wp\/v2\/posts\/52404","targetHints":{"allow":["GET"]}}],"collection":[{"href":"https:\/\/www.sincomam.org.br\/index.php\/wp-json\/wp\/v2\/posts"}],"about":[{"href":"https:\/\/www.sincomam.org.br\/index.php\/wp-json\/wp\/v2\/types\/post"}],"author":[{"embeddable":true,"href":"https:\/\/www.sincomam.org.br\/index.php\/wp-json\/wp\/v2\/users\/1527"}],"replies":[{"embeddable":true,"href":"https:\/\/www.sincomam.org.br\/index.php\/wp-json\/wp\/v2\/comments?post=52404"}],"version-history":[{"count":1,"href":"https:\/\/www.sincomam.org.br\/index.php\/wp-json\/wp\/v2\/posts\/52404\/revisions"}],"predecessor-version":[{"id":52407,"href":"https:\/\/www.sincomam.org.br\/index.php\/wp-json\/wp\/v2\/posts\/52404\/revisions\/52407"}],"wp:featuredmedia":[{"embeddable":true,"href":"https:\/\/www.sincomam.org.br\/index.php\/wp-json\/wp\/v2\/media\/51499"}],"wp:attachment":[{"href":"https:\/\/www.sincomam.org.br\/index.php\/wp-json\/wp\/v2\/media?parent=52404"}],"wp:term":[{"taxonomy":"category","embeddable":true,"href":"https:\/\/www.sincomam.org.br\/index.php\/wp-json\/wp\/v2\/categories?post=52404"},{"taxonomy":"post_tag","embeddable":true,"href":"https:\/\/www.sincomam.org.br\/index.php\/wp-json\/wp\/v2\/tags?post=52404"}],"curies":[{"name":"wp","href":"https:\/\/api.w.org\/{rel}","templated":true}]}}