{"id":52375,"date":"2024-07-10T10:27:00","date_gmt":"2024-07-10T13:27:00","guid":{"rendered":"http:\/\/www.sincomam.org.br\/?p=52375"},"modified":"2024-07-10T10:27:00","modified_gmt":"2024-07-10T13:27:00","slug":"simposio-discute-o-poder-naval-e-os-desafios-contemporaneos-no-rj","status":"publish","type":"post","link":"https:\/\/www.sincomam.org.br\/index.php\/simposio-discute-o-poder-naval-e-os-desafios-contemporaneos-no-rj\/","title":{"rendered":"Simp\u00f3sio discute \u201cO Poder Naval e os desafios contempor\u00e2neos\u201d no RJ"},"content":{"rendered":"<p class=\"text-align-justify\">Para debater a relev\u00e2ncia do Poder Naval, um dos pilares fundamentais para a seguran\u00e7a e a proje\u00e7\u00e3o de poder ao redor do mundo, cerca de 430 estudantes, civis e militares, acad\u00eamicos e pesquisadores se encontraram no Simp\u00f3sio \u201cO Poder Naval e os Desafios Contempor\u00e2neos\u201d, na \u00faltima ter\u00e7a-feira (2), na Escola de Guerra Naval (EGN), no Rio de Janeiro.<\/p>\n<p class=\"text-align-justify\">Promovido pelo Centro de Estudos Pol\u00edtico-Estrat\u00e9gicos da Marinha do Brasil (CEPE-MB), em parceria com a EGN, o encontro promoveu discuss\u00f5es sobre a defesa dos interesses mar\u00edtimos do Brasil e a adaptabilidade constante da For\u00e7a Naval diante da evolu\u00e7\u00e3o e das novas din\u00e2micas geopol\u00edticas. Um dos palestrantes, o Professor Doutor Ian Andrew Speller, da Universidade Maynooth (Irlanda), tratou sobre a complexidade da interconex\u00e3o mundial que se manifesta por meio das mudan\u00e7as clim\u00e1ticas, da transi\u00e7\u00e3o energ\u00e9tica e do acelerado crescimento das demandas pelo uso do mar.<\/p>\n<p class=\"text-align-justify\">Entre os destaques, Speller pontuou, ainda, que na base de todo o processo de planejamento estrat\u00e9gico naval, est\u00e1 a defesa dos interesses nacionais, inexistindo um padr\u00e3o \u00fanico de configura\u00e7\u00e3o de Marinha a ser seguido.<\/p>\n<p class=\"text-align-justify\">Para o presidente do CEPE-MB, Almirante de Esquadra (Fuzileiro Naval) Paulo Martino Zuccaro, existem amea\u00e7as contempor\u00e2neas que se unem \u00e0s j\u00e1 tradicionais. \u201cAlgumas delas n\u00e3o s\u00e3o t\u00e3o novas assim, como, por exemplo, a pirataria. Para fazer frente a essa combina\u00e7\u00e3o de possibilidades, as Marinhas do presente e do futuro t\u00eam que ser capazes de atuar em todo o espectro de possibilidades de emprego do Poder Naval, desde a coopera\u00e7\u00e3o at\u00e9 o conflito armado propriamente dito.\u201d<\/p>\n<figure><\/figure>\n<p class=\"text-align-justify\">Ainda segundo o Almirante (FN) Zuccaro, a import\u00e2ncia desse encontro se justifica pela necessidade de se transformar a vis\u00e3o superficial que a sociedade tem em rela\u00e7\u00e3o ao que, de fato, \u00e9 a Defesa Nacional. \u201cAinda prevalece a no\u00e7\u00e3o equivocada de que o pacifismo que nos \u00e9 peculiar \u00e9 o bastante para isentar-nos de amea\u00e7as oriundas de outros atores do sistema internacional, dispensando a exist\u00eancia de For\u00e7as Armadas competentes, equipadas e aprestadas\u201d.<\/p>\n<p class=\"text-align-justify\">Outros palestrantes tamb\u00e9m participaram do evento. O Capit\u00e3o de Mar e Guerra (da Reserva) Professor Doutor William Moreira, falou sobre \u201cO Pensamento Estrat\u00e9gico e o Poder Naval\u201d. J\u00e1 o tema \u201cPreparando o Poder Naval\u201d foi abordado pelo Contra-Almirante Dino \u00c1vila Busso, Subchefe de Estrat\u00e9gia do Estado-Maior da Armada.<\/p>\n<p class=\"text-align-justify\">O CEPE-MB, que est\u00e1 inserido na estrutura do Estado-Maior da Armada (EMA), \u00e9 dedicado \u00e0 pesquisa e aos estudos sobre assuntos mar\u00edtimos, defesa e Poder Naval. O pr\u00f3ximo simp\u00f3sio (confira as programa\u00e7\u00f5es <a href=\"https:\/\/www.marinha.mil.br\/cepe\/\" target=\"_blank\" rel=\"noopener\">aqui<\/a>) j\u00e1 est\u00e1 sendo preparado para outubro e abordar\u00e1 as tecnologias empregadas nos conflitos armados da atualidade.<\/p>\n<p>Fonte: Ag\u00eancia Marinha de Not\u00edcias<\/p>\n","protected":false},"excerpt":{"rendered":"<p>Para debater a relev\u00e2ncia do Poder Naval, um dos pilares fundamentais para a seguran\u00e7a e a proje\u00e7\u00e3o de poder ao redor do mundo, cerca de&#8230;<\/p>\n","protected":false},"author":1527,"featured_media":52377,"comment_status":"closed","ping_status":"closed","sticky":false,"template":"","format":"standard","meta":{"footnotes":""},"categories":[6],"tags":[],"class_list":["post-52375","post","type-post","status-publish","format-standard","has-post-thumbnail","hentry","category-noticias"],"_links":{"self":[{"href":"https:\/\/www.sincomam.org.br\/index.php\/wp-json\/wp\/v2\/posts\/52375","targetHints":{"allow":["GET"]}}],"collection":[{"href":"https:\/\/www.sincomam.org.br\/index.php\/wp-json\/wp\/v2\/posts"}],"about":[{"href":"https:\/\/www.sincomam.org.br\/index.php\/wp-json\/wp\/v2\/types\/post"}],"author":[{"embeddable":true,"href":"https:\/\/www.sincomam.org.br\/index.php\/wp-json\/wp\/v2\/users\/1527"}],"replies":[{"embeddable":true,"href":"https:\/\/www.sincomam.org.br\/index.php\/wp-json\/wp\/v2\/comments?post=52375"}],"version-history":[{"count":1,"href":"https:\/\/www.sincomam.org.br\/index.php\/wp-json\/wp\/v2\/posts\/52375\/revisions"}],"predecessor-version":[{"id":52378,"href":"https:\/\/www.sincomam.org.br\/index.php\/wp-json\/wp\/v2\/posts\/52375\/revisions\/52378"}],"wp:featuredmedia":[{"embeddable":true,"href":"https:\/\/www.sincomam.org.br\/index.php\/wp-json\/wp\/v2\/media\/52377"}],"wp:attachment":[{"href":"https:\/\/www.sincomam.org.br\/index.php\/wp-json\/wp\/v2\/media?parent=52375"}],"wp:term":[{"taxonomy":"category","embeddable":true,"href":"https:\/\/www.sincomam.org.br\/index.php\/wp-json\/wp\/v2\/categories?post=52375"},{"taxonomy":"post_tag","embeddable":true,"href":"https:\/\/www.sincomam.org.br\/index.php\/wp-json\/wp\/v2\/tags?post=52375"}],"curies":[{"name":"wp","href":"https:\/\/api.w.org\/{rel}","templated":true}]}}