{"id":52354,"date":"2024-07-10T06:00:15","date_gmt":"2024-07-10T09:00:15","guid":{"rendered":"http:\/\/www.sincomam.org.br\/?p=52354"},"modified":"2024-07-09T18:06:09","modified_gmt":"2024-07-09T21:06:09","slug":"portos-de-imbituba-e-laguna-atuam-para-minimizar-impactos-de-vazamento-de-oleo-diesel","status":"publish","type":"post","link":"https:\/\/www.sincomam.org.br\/index.php\/portos-de-imbituba-e-laguna-atuam-para-minimizar-impactos-de-vazamento-de-oleo-diesel\/","title":{"rendered":"Portos de Imbituba e Laguna atuam para minimizar impactos de vazamento de \u00f3leo diesel"},"content":{"rendered":"<p>A SCPAR Porto de Imbituba e o Porto de Laguna foram acionados, no dia 4 de julho, pela Pol\u00edcia Militar Ambiental e pelo Instituto do Meio Ambiente (IMA) para auxiliar nos trabalhos de rescaldo de um acidente com uma embarca\u00e7\u00e3o no sul do estado. O vazamento de \u00f3leo combust\u00edvel ocorreu ap\u00f3s o barco Primavera XVI, com 17 pescadores de Itaja\u00ed, colidir com um banco de areia na Barra da Lagoa de Santo Ant\u00f4nio. A tripula\u00e7\u00e3o saiu ilesa do acidente.<\/p>\n<p>\u201cO Porto de Imbituba est\u00e1 com a equipe t\u00e9cnica engajada em apoiar o Porto de Laguna para minimizar os impactos. Importante salientar que os 17 pescadores est\u00e3o em seguran\u00e7a\u201d, comentou o diretor-presidente do Porto de Imbituba, Urbano Lopes de Sousa Netto.<\/p>\n<p>Ap\u00f3s o ocorrido, a Delegacia da Capitania dos Portos em Laguna acionou a equipe SAR (Busca e Salvamento) para inspe\u00e7\u00e3o no local. O Porto de Imbituba e o Porto de Laguna deslocaram uma equipe especializada para apoiar os trabalhos da Marinha do Brasil, Pol\u00edcia Militar Ambiental e IMA. Barreiras de conten\u00e7\u00e3o e boias absorventes foram utilizadas para estancar e diminuir os danos. Est\u00e1 prevista uma nova an\u00e1lise do ambiente e a dispers\u00e3o mec\u00e2nica do \u00f3leo derramado.<\/p>\n<p>No dia do acidente, por conta do mar agitado, a embarca\u00e7\u00e3o acabou colidindo com um banco de areia na sa\u00edda do Porto de Laguna. O acidente ocorreu nas primeiras horas do dia quando o barco sa\u00eda com destino ao litoral norte catarinense. A tripula\u00e7\u00e3o do barco realizou todas as a\u00e7\u00f5es previstas para a situa\u00e7\u00e3o\u00a0e\u00a0saiu\u00a0ilesa.<\/p>\n<p>Fonte: Portos e Navios<\/p>\n","protected":false},"excerpt":{"rendered":"<p>A SCPAR Porto de Imbituba e o Porto de Laguna foram acionados, no dia 4 de julho, pela Pol\u00edcia Militar Ambiental e pelo Instituto do&#8230;<\/p>\n","protected":false},"author":1527,"featured_media":52356,"comment_status":"closed","ping_status":"closed","sticky":false,"template":"","format":"standard","meta":{"footnotes":""},"categories":[6],"tags":[],"class_list":["post-52354","post","type-post","status-publish","format-standard","has-post-thumbnail","hentry","category-noticias"],"_links":{"self":[{"href":"https:\/\/www.sincomam.org.br\/index.php\/wp-json\/wp\/v2\/posts\/52354","targetHints":{"allow":["GET"]}}],"collection":[{"href":"https:\/\/www.sincomam.org.br\/index.php\/wp-json\/wp\/v2\/posts"}],"about":[{"href":"https:\/\/www.sincomam.org.br\/index.php\/wp-json\/wp\/v2\/types\/post"}],"author":[{"embeddable":true,"href":"https:\/\/www.sincomam.org.br\/index.php\/wp-json\/wp\/v2\/users\/1527"}],"replies":[{"embeddable":true,"href":"https:\/\/www.sincomam.org.br\/index.php\/wp-json\/wp\/v2\/comments?post=52354"}],"version-history":[{"count":1,"href":"https:\/\/www.sincomam.org.br\/index.php\/wp-json\/wp\/v2\/posts\/52354\/revisions"}],"predecessor-version":[{"id":52357,"href":"https:\/\/www.sincomam.org.br\/index.php\/wp-json\/wp\/v2\/posts\/52354\/revisions\/52357"}],"wp:featuredmedia":[{"embeddable":true,"href":"https:\/\/www.sincomam.org.br\/index.php\/wp-json\/wp\/v2\/media\/52356"}],"wp:attachment":[{"href":"https:\/\/www.sincomam.org.br\/index.php\/wp-json\/wp\/v2\/media?parent=52354"}],"wp:term":[{"taxonomy":"category","embeddable":true,"href":"https:\/\/www.sincomam.org.br\/index.php\/wp-json\/wp\/v2\/categories?post=52354"},{"taxonomy":"post_tag","embeddable":true,"href":"https:\/\/www.sincomam.org.br\/index.php\/wp-json\/wp\/v2\/tags?post=52354"}],"curies":[{"name":"wp","href":"https:\/\/api.w.org\/{rel}","templated":true}]}}