{"id":52341,"date":"2024-07-09T03:20:31","date_gmt":"2024-07-09T06:20:31","guid":{"rendered":"http:\/\/www.sincomam.org.br\/?p=52341"},"modified":"2024-07-09T03:20:31","modified_gmt":"2024-07-09T06:20:31","slug":"marinha-e-prefeitura-de-niteroi-debatem-desenvolvimento-e-seguranca-aquaviaria","status":"publish","type":"post","link":"https:\/\/www.sincomam.org.br\/index.php\/marinha-e-prefeitura-de-niteroi-debatem-desenvolvimento-e-seguranca-aquaviaria\/","title":{"rendered":"MARINHA E PREFEITURA DE NITER\u00d3I DEBATEM DESENVOLVIMENTO E SEGURAN\u00c7A AQUAVI\u00c1RIA"},"content":{"rendered":"<p>O Prefeito de Niter\u00f3i, Axel Schmidt Grael, recebeu o Comandante do 1\u00ba Distrito Naval em 28 de junho para uma reuni\u00e3o institucional. O encontro focou em iniciativas voltadas para a seguran\u00e7a do tr\u00e1fego aquavi\u00e1rio, al\u00e9m de debater a dragagem do Porto de Niter\u00f3i e do canal da Ilha da Concei\u00e7\u00e3o.<\/p>\n<p><strong>Projetos de Seguran\u00e7a do Tr\u00e1fego Aquavi\u00e1rio<\/strong><\/p>\n<p>Durante a reuni\u00e3o, foram discutidos projetos essenciais para garantir a seguran\u00e7a do tr\u00e1fego aquavi\u00e1rio na Ba\u00eda de Guanabara, uma \u00e1rea de grande import\u00e2ncia estrat\u00e9gica e econ\u00f4mica para o Brasil. A seguran\u00e7a aquavi\u00e1ria \u00e9 vital para o fluxo seguro e eficiente das embarca\u00e7\u00f5es que operam na regi\u00e3o, e a Marinha do Brasil tem desempenhado um papel crucial na supervis\u00e3o e implementa\u00e7\u00e3o de medidas de seguran\u00e7a.<\/p>\n<p>Entre as medidas propostas, destacam-se a intensifica\u00e7\u00e3o das patrulhas aquavi\u00e1rias, a moderniza\u00e7\u00e3o dos sistemas de monitoramento e a implementa\u00e7\u00e3o de novos protocolos de seguran\u00e7a. Essas a\u00e7\u00f5es visam prevenir acidentes e garantir um ambiente seguro para todas as opera\u00e7\u00f5es mar\u00edtimas na Ba\u00eda de Guanabara.<\/p>\n<div>\n<p>A colabora\u00e7\u00e3o entre a Marinha e a Prefeitura de Niter\u00f3i foi enfatizada como um fator chave para o sucesso dessas iniciativas. O Comandante do 1\u00ba Distrito Naval ressaltou a import\u00e2ncia da coopera\u00e7\u00e3o interinstitucional para a realiza\u00e7\u00e3o de projetos que beneficiem tanto a seguran\u00e7a quanto o desenvolvimento econ\u00f4mico da regi\u00e3o.<\/p>\n<div class=\"td-g-rec td-g-rec-id-content_bottom tdi_4 td_block_template_11\">Fonte: Defesa em Foco<\/div>\n<\/div>\n","protected":false},"excerpt":{"rendered":"<p>O Prefeito de Niter\u00f3i, Axel Schmidt Grael, recebeu o Comandante do 1\u00ba Distrito Naval em 28 de junho para uma reuni\u00e3o institucional. O encontro focou&#8230;<\/p>\n","protected":false},"author":1527,"featured_media":52343,"comment_status":"closed","ping_status":"closed","sticky":false,"template":"","format":"standard","meta":{"footnotes":""},"categories":[6],"tags":[],"class_list":["post-52341","post","type-post","status-publish","format-standard","has-post-thumbnail","hentry","category-noticias"],"_links":{"self":[{"href":"https:\/\/www.sincomam.org.br\/index.php\/wp-json\/wp\/v2\/posts\/52341","targetHints":{"allow":["GET"]}}],"collection":[{"href":"https:\/\/www.sincomam.org.br\/index.php\/wp-json\/wp\/v2\/posts"}],"about":[{"href":"https:\/\/www.sincomam.org.br\/index.php\/wp-json\/wp\/v2\/types\/post"}],"author":[{"embeddable":true,"href":"https:\/\/www.sincomam.org.br\/index.php\/wp-json\/wp\/v2\/users\/1527"}],"replies":[{"embeddable":true,"href":"https:\/\/www.sincomam.org.br\/index.php\/wp-json\/wp\/v2\/comments?post=52341"}],"version-history":[{"count":1,"href":"https:\/\/www.sincomam.org.br\/index.php\/wp-json\/wp\/v2\/posts\/52341\/revisions"}],"predecessor-version":[{"id":52344,"href":"https:\/\/www.sincomam.org.br\/index.php\/wp-json\/wp\/v2\/posts\/52341\/revisions\/52344"}],"wp:featuredmedia":[{"embeddable":true,"href":"https:\/\/www.sincomam.org.br\/index.php\/wp-json\/wp\/v2\/media\/52343"}],"wp:attachment":[{"href":"https:\/\/www.sincomam.org.br\/index.php\/wp-json\/wp\/v2\/media?parent=52341"}],"wp:term":[{"taxonomy":"category","embeddable":true,"href":"https:\/\/www.sincomam.org.br\/index.php\/wp-json\/wp\/v2\/categories?post=52341"},{"taxonomy":"post_tag","embeddable":true,"href":"https:\/\/www.sincomam.org.br\/index.php\/wp-json\/wp\/v2\/tags?post=52341"}],"curies":[{"name":"wp","href":"https:\/\/api.w.org\/{rel}","templated":true}]}}