{"id":52337,"date":"2024-07-09T03:04:38","date_gmt":"2024-07-09T06:04:38","guid":{"rendered":"http:\/\/www.sincomam.org.br\/?p=52337"},"modified":"2024-07-09T03:04:38","modified_gmt":"2024-07-09T06:04:38","slug":"falta-de-biocombustiveis-sustentaveis-no-mercado-europeu-pode-atrasar-metas-de-descarbonizacao-no-transporte-maritimo","status":"publish","type":"post","link":"https:\/\/www.sincomam.org.br\/index.php\/falta-de-biocombustiveis-sustentaveis-no-mercado-europeu-pode-atrasar-metas-de-descarbonizacao-no-transporte-maritimo\/","title":{"rendered":"Falta de biocombust\u00edveis sustent\u00e1veis no mercado europeu pode atrasar metas de descarboniza\u00e7\u00e3o no transporte mar\u00edtimo"},"content":{"rendered":"<p>Um relat\u00f3rio da organiza\u00e7\u00e3o n\u00e3o governamental Transport &amp; Environment (T&amp;E) destacou preocupa\u00e7\u00f5es sobre a disponibilidade limitada de biocombust\u00edveis \u201cverdadeiramente sustent\u00e1veis\u201d nos mercados europeus. Segundo o artigo, a escassez desses biocombust\u00edveis poder\u00e1 dificultar os esfor\u00e7os de descarboniza\u00e7\u00e3o no setor de transporte mar\u00edtimo.<\/p>\n<p>A European Federation for Transport and Environment, comumente referida como Transport &amp; Environment, \u00e9 um guarda-chuva europeu para organiza\u00e7\u00f5es n\u00e3o-governamentais que trabalham na \u00e1rea de transporte e meio ambiente.<\/p>\n<p>&#8220;A expectativa \u00e9 de que os biocombust\u00edveis verdadeiramente sustent\u00e1veis n\u00e3o estejam dispon\u00edveis em quantidade suficiente para atender aos ambiciosos mandatos da Uni\u00e3o Europeia para descarbonizar o setor de transportes no longo prazo&#8221;, destacou a organiza\u00e7\u00e3o.<\/p>\n<p>Mat\u00e9rias-primas como \u00f3leo de cozinha usado t\u00eam volumes restritos nos mercados nacionais, enquanto outras op\u00e7\u00f5es, como res\u00edduos florestais, exigem processamento mais avan\u00e7ado e possuem um \u00edndice de carbono mais elevado.<\/p>\n<p>Diante desse cen\u00e1rio, o transporte mar\u00edtimo deveria focar em alternativas como o hidrog\u00eanio renov\u00e1vel e combust\u00edveis eletr\u00f4nicos para reduzir as emiss\u00f5es de gases de efeito estufa. O T&amp;E enfatizou que esses combust\u00edveis de hidrog\u00eanio ser\u00e3o essenciais n\u00e3o apenas para o transporte mar\u00edtimo, mas tamb\u00e9m\u00a0para\u00a0a\u00a0avia\u00e7\u00e3o.<\/p>\n<p>Fonte: Portos e Navios<\/p>\n","protected":false},"excerpt":{"rendered":"<p>Um relat\u00f3rio da organiza\u00e7\u00e3o n\u00e3o governamental Transport &amp; Environment (T&amp;E) destacou preocupa\u00e7\u00f5es sobre a disponibilidade limitada de biocombust\u00edveis \u201cverdadeiramente sustent\u00e1veis\u201d nos mercados europeus. Segundo o&#8230;<\/p>\n","protected":false},"author":1527,"featured_media":52339,"comment_status":"closed","ping_status":"closed","sticky":false,"template":"","format":"standard","meta":{"footnotes":""},"categories":[6],"tags":[],"class_list":["post-52337","post","type-post","status-publish","format-standard","has-post-thumbnail","hentry","category-noticias"],"_links":{"self":[{"href":"https:\/\/www.sincomam.org.br\/index.php\/wp-json\/wp\/v2\/posts\/52337","targetHints":{"allow":["GET"]}}],"collection":[{"href":"https:\/\/www.sincomam.org.br\/index.php\/wp-json\/wp\/v2\/posts"}],"about":[{"href":"https:\/\/www.sincomam.org.br\/index.php\/wp-json\/wp\/v2\/types\/post"}],"author":[{"embeddable":true,"href":"https:\/\/www.sincomam.org.br\/index.php\/wp-json\/wp\/v2\/users\/1527"}],"replies":[{"embeddable":true,"href":"https:\/\/www.sincomam.org.br\/index.php\/wp-json\/wp\/v2\/comments?post=52337"}],"version-history":[{"count":1,"href":"https:\/\/www.sincomam.org.br\/index.php\/wp-json\/wp\/v2\/posts\/52337\/revisions"}],"predecessor-version":[{"id":52340,"href":"https:\/\/www.sincomam.org.br\/index.php\/wp-json\/wp\/v2\/posts\/52337\/revisions\/52340"}],"wp:featuredmedia":[{"embeddable":true,"href":"https:\/\/www.sincomam.org.br\/index.php\/wp-json\/wp\/v2\/media\/52339"}],"wp:attachment":[{"href":"https:\/\/www.sincomam.org.br\/index.php\/wp-json\/wp\/v2\/media?parent=52337"}],"wp:term":[{"taxonomy":"category","embeddable":true,"href":"https:\/\/www.sincomam.org.br\/index.php\/wp-json\/wp\/v2\/categories?post=52337"},{"taxonomy":"post_tag","embeddable":true,"href":"https:\/\/www.sincomam.org.br\/index.php\/wp-json\/wp\/v2\/tags?post=52337"}],"curies":[{"name":"wp","href":"https:\/\/api.w.org\/{rel}","templated":true}]}}