{"id":5230,"date":"2014-05-02T08:18:58","date_gmt":"2014-05-02T11:18:58","guid":{"rendered":"http:\/\/www.sincomam.org.br\/?p=5230"},"modified":"2014-05-01T17:07:28","modified_gmt":"2014-05-01T20:07:28","slug":"pane-para-reduc-e-governo-vai-autuar-petrobras-por-poluentes","status":"publish","type":"post","link":"https:\/\/www.sincomam.org.br\/index.php\/pane-para-reduc-e-governo-vai-autuar-petrobras-por-poluentes\/","title":{"rendered":"Pane para Reduc, e governo vai autuar Petrobras por poluentes"},"content":{"rendered":"<p>A queima de gases e l\u00edquidos na atmosfera depois de uma pane el\u00e9trica na Refinaria de Duque de Caxias (Reduc), da Petrobras, gerou uma extensa fuma\u00e7a negra que cobriu Nova Igua\u00e7u, Duque de Caxias e Mag\u00e9, na Baixada Fluminense, nesta quarta-feira. A queima foi uma medida de seguran\u00e7a para evitar sobrecarga de press\u00e3o nos equipamentos depois que um problema de energia parou as opera\u00e7\u00f5es \u00e0s 5h45m. O Instituto Estadual do Ambiente (Inea) informou que vai autuar amanh\u00e3 a Petrobras por emiss\u00e3o de poluentes na atmosfera, mas assegurou que n\u00e3o houve danos \u00e0 sa\u00fade da popula\u00e7\u00e3o no entorno da Reduc.<\/p>\n<p>A produ\u00e7\u00e3o da refinaria, de cerca de 240 mil barris de petr\u00f3leo por dia \u2014 mais de 10% da capacidade de refino brasileira \u2014, foi interrompida. A Petrobras n\u00e3o informou quando a produ\u00e7\u00e3o ser\u00e1 retomada.<\/p>\n<p>Foram queimados benzeno, subst\u00e2ncia comprovadamente cancer\u00edgena, xileno e tolueno, tamb\u00e9m t\u00f3xicos e com potencial cancer\u00edgeno. Segundo sindicalistas, a pane ocorreu quando a termel\u00e9trica a g\u00e1s Leonel Brizola, ao lado da Reduc, fazia manuten\u00e7\u00e3o e interrompeu o fornecimento de energia el\u00e9trica e de vapor para a refinaria, numa opera\u00e7\u00e3o que j\u00e1 estava programada.<\/p>\n<p>O Inea mandou duas equipes para o local para avaliar as condi\u00e7\u00f5es na refinaria e monitorar a qualidade do ar. Eles constataram que houve falta do vapor que \u00e9 usado na queima (nas tochas), o que gerou mon\u00f3xido de carbono, nocivo \u00e0 sa\u00fade. Mas o clima ajudou. A invers\u00e3o t\u00e9rmica isolou os gases em uma camada de ar mais elevada.<\/p>\n<p>\u2014 Foi sorte ter acontecido no inverno, quando h\u00e1 invers\u00e3o t\u00e9rmica. Os gases foram emitidos a 100 metros de altura e ficaram confinados a uma camada de 300 metros, isso criou um tamp\u00e3o \u2014 explicou a gerente de qualidade do Inea, Mariana Palagano.<\/p>\n<p>Ela disse que o padr\u00e3o aceit\u00e1vel de exposi\u00e7\u00e3o do mon\u00f3xido de carbono \u00e9 de 35 partes por milh\u00e3o (PPM) em uma hora e que, em raz\u00e3o do isolamento t\u00e9rmico, n\u00e3o houve registro da subst\u00e2ncia nas esta\u00e7\u00f5es de qualidade de ar na regi\u00e3o. Segundo Jos\u00e9 Quirino Matos, do Inea, a quantidade de subst\u00e2ncias queimadas foi \u201cmuito grande\u201d, e a falta de vapor nessa queima produziu mon\u00f3xido de carbono, de elevado n\u00edvel t\u00f3xico.<\/p>\n<p>De acordo com o presidente do Sindicato de Petroleiros de Duque de Caxias, Sim\u00e3o Zanardi, a produ\u00e7\u00e3o s\u00f3 dever\u00e1 ser retomada por completo em tr\u00eas dias. A Petrobras n\u00e3o divulgou o preju\u00edzo estimado nem a previs\u00e3o de quando a refinaria voltar\u00e1 a produzir.<\/p>\n<p>\u201cApesar da fuma\u00e7a gerada durante a ocorr\u00eancia, todas as a\u00e7\u00f5es foram tomadas para que n\u00e3o houvesse impacto \u00e0 seguran\u00e7a ou \u00e0 sa\u00fade dos trabalhadores e da popula\u00e7\u00e3o, bem como foi garantida a integridade das instala\u00e7\u00f5es. Os \u00f3rg\u00e3os de controle foram comunicados sobre o evento, sendo feita avalia\u00e7\u00e3o local pelo \u00f3rg\u00e3o ambiental\u201d, afirmou a companhia em nota.<\/p>\n<p>Fonte: O Globo &#8211; Clarice Spitz<\/p>\n","protected":false},"excerpt":{"rendered":"<p>A queima de gases e l\u00edquidos na atmosfera depois de uma pane el\u00e9trica na Refinaria de Duque de Caxias (Reduc), da Petrobras, gerou uma extensa&#8230;<\/p>\n","protected":false},"author":1182,"featured_media":5236,"comment_status":"closed","ping_status":"closed","sticky":false,"template":"","format":"standard","meta":{"footnotes":""},"categories":[6],"tags":[192,917,1066,58,1067],"class_list":["post-5230","post","type-post","status-publish","format-standard","has-post-thumbnail","hentry","category-noticias","tag-governo","tag-multa","tag-parada","tag-petrobras","tag-reduc"],"_links":{"self":[{"href":"https:\/\/www.sincomam.org.br\/index.php\/wp-json\/wp\/v2\/posts\/5230","targetHints":{"allow":["GET"]}}],"collection":[{"href":"https:\/\/www.sincomam.org.br\/index.php\/wp-json\/wp\/v2\/posts"}],"about":[{"href":"https:\/\/www.sincomam.org.br\/index.php\/wp-json\/wp\/v2\/types\/post"}],"author":[{"embeddable":true,"href":"https:\/\/www.sincomam.org.br\/index.php\/wp-json\/wp\/v2\/users\/1182"}],"replies":[{"embeddable":true,"href":"https:\/\/www.sincomam.org.br\/index.php\/wp-json\/wp\/v2\/comments?post=5230"}],"version-history":[{"count":1,"href":"https:\/\/www.sincomam.org.br\/index.php\/wp-json\/wp\/v2\/posts\/5230\/revisions"}],"predecessor-version":[{"id":5239,"href":"https:\/\/www.sincomam.org.br\/index.php\/wp-json\/wp\/v2\/posts\/5230\/revisions\/5239"}],"wp:featuredmedia":[{"embeddable":true,"href":"https:\/\/www.sincomam.org.br\/index.php\/wp-json\/wp\/v2\/media\/5236"}],"wp:attachment":[{"href":"https:\/\/www.sincomam.org.br\/index.php\/wp-json\/wp\/v2\/media?parent=5230"}],"wp:term":[{"taxonomy":"category","embeddable":true,"href":"https:\/\/www.sincomam.org.br\/index.php\/wp-json\/wp\/v2\/categories?post=5230"},{"taxonomy":"post_tag","embeddable":true,"href":"https:\/\/www.sincomam.org.br\/index.php\/wp-json\/wp\/v2\/tags?post=5230"}],"curies":[{"name":"wp","href":"https:\/\/api.w.org\/{rel}","templated":true}]}}