{"id":5222,"date":"2014-05-02T08:05:50","date_gmt":"2014-05-02T11:05:50","guid":{"rendered":"http:\/\/www.sincomam.org.br\/?p=5222"},"modified":"2014-05-01T16:24:29","modified_gmt":"2014-05-01T19:24:29","slug":"graca-foster-nos-ultimos-meses-pasadena-vem-dando-resultados-positivos","status":"publish","type":"post","link":"https:\/\/www.sincomam.org.br\/index.php\/graca-foster-nos-ultimos-meses-pasadena-vem-dando-resultados-positivos\/","title":{"rendered":"Gra\u00e7a Foster: nos \u00faltimos meses, Pasadena vem dando resultados positivos"},"content":{"rendered":"<p>Em audi\u00eancia p\u00fablica realizada nesta quarta-feira, 30, pela C\u00e2mara, a pedido de deputados que cobram explica\u00e7\u00f5es sobre o preju\u00edzo que a Petrobras teve ao adquirir a refinaria de Pasadena, nos Estados Unidos, a presidente da estatal, Maria das Gra\u00e7as Foster, afirmou que a refinaria apresentou resultados positivos nos \u00faltimos tr\u00eas meses.<\/p>\n<p>\u201cA Petrobras n\u00e3o investe para fazer resultado negativo. Tivemos resultado negativo na minha \u00e1rea, g\u00e1s e energia, durante anos e j\u00e1 revertemos\u201d, comparou a presidente da Petrobras. \u201cA ansiedade para que a gente possa fazer uma Pasadena melhor existe.\u201d<\/p>\n<p>Ela disse ainda que, para o fechamento do neg\u00f3cio, houve apura\u00e7\u00e3o do risco e que esse procedimento \u00e9 praxe em todas as opera\u00e7\u00f5es da Petrobras. \u201cSe existem pr\u00e1ticas que n\u00e3o s\u00e3o pr\u00e1ticas do neg\u00f3cio e que levaram \u00e0 perda de resultado, a comiss\u00e3o da Petrobras vai tirar a sua conclus\u00e3o. Se houver evid\u00eancias de mal uso do conhecimento, os empregados respons\u00e1veis ser\u00e3o chamados a responder por suas a\u00e7\u00f5es\u201d, afirmou Gra\u00e7a Foster.<\/p>\n<p><strong>Prevarica\u00e7\u00e3o<\/strong><\/p>\n<p>A audi\u00eancia p\u00fablica foi marcada por acusa\u00e7\u00f5es da oposi\u00e7\u00e3o de prevarica\u00e7\u00e3o contra a presidente Dilma Rousseff, que era presidente do conselho de administra\u00e7\u00e3o da Petrobras em 2006, quando o colegiado da estatal aprovou, por unanimidade, a aquisi\u00e7\u00e3o da refinaria de Pasadena, no Texas (EUA).<\/p>\n<p>H\u00e1 dois meses, Dilma admitiu, por meio de nota, que s\u00f3 aprovou a aquisi\u00e7\u00e3o da refinaria porque as cl\u00e1usulas put option e marlim foram omitidas do resumo executivo apresentado por Nestor Cerver\u00f3, ent\u00e3o diretor da \u00e1rea internacional da Petrobras. A presidente relatou que s\u00f3 tomou conhecimento dessas cl\u00e1usulas em 2008, quando a s\u00f3cia da estatal em Pasadena, a belga Astra Oil, decidiu exercer a cl\u00e1usula de sa\u00edda do neg\u00f3cio (put).<\/p>\n<p>Ocorre que Cerver\u00f3 n\u00e3o sofreu puni\u00e7\u00e3o. Naquela data, deixou a diretoria internacional da Petrobras, mas assumiu a diretoria financeira da BR Distribuidora, controlada pela estatal.<\/p>\n<p>Durante a audi\u00eancia com Gra\u00e7a Foster, a acusa\u00e7\u00e3o de que Dilma teria prevaricado, ao n\u00e3o tomar nenhuma atitude contra Cerver\u00f3 quando soube que recebeu um documento \u201cfalho\u201d, seis anos atr\u00e1s, partiu dos deputados Rodrigo Maia (DEM-RJ) e Mendon\u00e7a Filho (DEM-PE).<\/p>\n<p>Durante a sua exposi\u00e7\u00e3o, Gra\u00e7a Foster evitou explicar por que Nestor Cerver\u00f3 n\u00e3o foi demitido da Petrobras em 2008. Disse apenas que, \u00e0 \u00e9poca, ela n\u00e3o fazia parte do conselho administrativo da Petrobras. \u00c0 \u00e9poca da aquisi\u00e7\u00e3o de Pasadena, o conselho de administra\u00e7\u00e3o da estatal, presidido por Dilma, tinha a participa\u00e7\u00e3o de Silas Rondeau Cavalcanti Silva, Guido Mantega, S\u00e9rgio Gabrielli, Gleuber Vieira, Arthur Antonio Sendas, Roger Agnelli, F\u00e1bio Barbosa e Jorge Gerdau.<\/p>\n<p>Fonte: Andr\u00e9 Borges e F\u00e1bio Brandt \/ Foto: Ag\u00eancia Brasil<\/p>\n","protected":false},"excerpt":{"rendered":"<p>Em audi\u00eancia p\u00fablica realizada nesta quarta-feira, 30, pela C\u00e2mara, a pedido de deputados que cobram explica\u00e7\u00f5es sobre o preju\u00edzo que a Petrobras teve ao adquirir&#8230;<\/p>\n","protected":false},"author":1182,"featured_media":5224,"comment_status":"closed","ping_status":"closed","sticky":false,"template":"","format":"standard","meta":{"footnotes":""},"categories":[6],"tags":[1062,732,831,384,58],"class_list":["post-5222","post","type-post","status-publish","format-standard","has-post-thumbnail","hentry","category-noticias","tag-audiencia","tag-camara","tag-cpi","tag-graca-foster","tag-petrobras"],"_links":{"self":[{"href":"https:\/\/www.sincomam.org.br\/index.php\/wp-json\/wp\/v2\/posts\/5222","targetHints":{"allow":["GET"]}}],"collection":[{"href":"https:\/\/www.sincomam.org.br\/index.php\/wp-json\/wp\/v2\/posts"}],"about":[{"href":"https:\/\/www.sincomam.org.br\/index.php\/wp-json\/wp\/v2\/types\/post"}],"author":[{"embeddable":true,"href":"https:\/\/www.sincomam.org.br\/index.php\/wp-json\/wp\/v2\/users\/1182"}],"replies":[{"embeddable":true,"href":"https:\/\/www.sincomam.org.br\/index.php\/wp-json\/wp\/v2\/comments?post=5222"}],"version-history":[{"count":1,"href":"https:\/\/www.sincomam.org.br\/index.php\/wp-json\/wp\/v2\/posts\/5222\/revisions"}],"predecessor-version":[{"id":5225,"href":"https:\/\/www.sincomam.org.br\/index.php\/wp-json\/wp\/v2\/posts\/5222\/revisions\/5225"}],"wp:featuredmedia":[{"embeddable":true,"href":"https:\/\/www.sincomam.org.br\/index.php\/wp-json\/wp\/v2\/media\/5224"}],"wp:attachment":[{"href":"https:\/\/www.sincomam.org.br\/index.php\/wp-json\/wp\/v2\/media?parent=5222"}],"wp:term":[{"taxonomy":"category","embeddable":true,"href":"https:\/\/www.sincomam.org.br\/index.php\/wp-json\/wp\/v2\/categories?post=5222"},{"taxonomy":"post_tag","embeddable":true,"href":"https:\/\/www.sincomam.org.br\/index.php\/wp-json\/wp\/v2\/tags?post=5222"}],"curies":[{"name":"wp","href":"https:\/\/api.w.org\/{rel}","templated":true}]}}