{"id":5214,"date":"2014-05-02T08:00:55","date_gmt":"2014-05-02T11:00:55","guid":{"rendered":"http:\/\/www.sincomam.org.br\/?p=5214"},"modified":"2014-05-01T15:57:36","modified_gmt":"2014-05-01T18:57:36","slug":"dilma-anuncia-correcao-da-tabela-do-ir-e-aumento-do-bolsa-familia","status":"publish","type":"post","link":"https:\/\/www.sincomam.org.br\/index.php\/dilma-anuncia-correcao-da-tabela-do-ir-e-aumento-do-bolsa-familia\/","title":{"rendered":"Dilma anuncia corre\u00e7\u00e3o da tabela do IR e aumento do Bolsa Fam\u00edlia"},"content":{"rendered":"<p>Em pronunciamento sobre o Dia do Trabalho nesta quarta-feira (30), a presidente Dilma Rousseff anunciou um pacote de medidas para os trabalhadores. A presidente informou uma medida provis\u00f3ria que corrige a tabela do Imposto de Renda, o aumento do Bolsa Fam\u00edlia e se comprometeu a manter a pol\u00edtica de valoriza\u00e7\u00e3o do sal\u00e1rio m\u00ednimo.<\/p>\n<p>O decreto divulgado por Dilma atualiza em 10% os valores do Bolsa Fam\u00edlia, que alcan\u00e7a 36 milh\u00f5es de brasileiros. &#8220;A valoriza\u00e7\u00e3o do sal\u00e1rio m\u00ednimo tem sido um instrumento efetivo para a diminui\u00e7\u00e3o da desigualdade e para o resgate da grande d\u00edvida social que ainda temos com os nossos trabalhadores mais pobres&#8221;, disse a presidente.<\/p>\n<p>Dilma aproveitou a deixa da valoriza\u00e7\u00e3o do sal\u00e1rio m\u00ednimo para fazer uma cr\u00edtica indireta ao senador A\u00e9cio Neves (PSDB-MG), um de seus potenciais advers\u00e1rios na disputa pela sucess\u00e3o presidencial. A presidente rebateu cr\u00edticas do setor empresarial \u00e0 pol\u00edtica de reajuste anual do sal\u00e1rio m\u00ednimo. Em encontro recente com empres\u00e1rios, A\u00e9cio se declarou disposto a adotar &#8220;medidas impopulares&#8221; caso seja eleito presidente, que podem atingir a pol\u00edtica de valoriza\u00e7\u00e3o do sal\u00e1rio m\u00ednimo.<\/p>\n<p><strong>Repercuss\u00e3o na imprensa internacional<\/strong><\/p>\n<p>A decis\u00e3o da presidente Dilma Rousseff de aumentar em 10% o pagamento \u00e0s fam\u00edlias cadastradas no programa Bolsa Fam\u00edlia do governo federal \u00e9 uma medida \u201cpopulista\u201d e o \u201cmais agressivo contra-ataque\u201d da presidente at\u00e9 agora contra seus advers\u00e1rios das elei\u00e7\u00f5es de outubro, disse o jornal brit\u00e2nico \u201cFinancial Times\u201d sobre o pronunciamento de Dilma em rede nacional.<\/p>\n<p>O FT lembra que o percentual de aumento no volume repassado ao programa social do governo supera a infla\u00e7\u00e3o, que, pelo IPCA, oscila em torno de 6% em 12 meses. Para o jornal brit\u00e2nico, a medida refor\u00e7a a pol\u00edtica de transfer\u00eancia de recursos \u00e0s pessoas mais pobres, que tem marcado os 12 anos de governo do PT.<\/p>\n<p>O jornal brit\u00e2nico afirma que o valor atual destinado ao Bolsa Fam\u00edlia soma R$ 24 bilh\u00f5es e cita a opini\u00e3o de analistas de que os 36 milh\u00f5es de benefici\u00e1rios do programa formam um eleitorado \u201cleal\u201d ao PT, especialmente na regi\u00e3o Nordeste.<\/p>\n<p>Fonte: Valor &#8211; Fernando Exman e Andrea Jub\u00e9 \/ Foto: Edu Lopes\/ SECOM<\/p>\n","protected":false},"excerpt":{"rendered":"<p>Em pronunciamento sobre o Dia do Trabalho nesta quarta-feira (30), a presidente Dilma Rousseff anunciou um pacote de medidas para os trabalhadores. A presidente informou&#8230;<\/p>\n","protected":false},"author":1182,"featured_media":5215,"comment_status":"closed","ping_status":"closed","sticky":false,"template":"","format":"standard","meta":{"footnotes":""},"categories":[6],"tags":[405,1061,181,203,216],"class_list":["post-5214","post","type-post","status-publish","format-standard","has-post-thumbnail","hentry","category-noticias","tag-aumento","tag-bolsa-familia","tag-dilma","tag-imposto-de-renda","tag-restituicao"],"_links":{"self":[{"href":"https:\/\/www.sincomam.org.br\/index.php\/wp-json\/wp\/v2\/posts\/5214","targetHints":{"allow":["GET"]}}],"collection":[{"href":"https:\/\/www.sincomam.org.br\/index.php\/wp-json\/wp\/v2\/posts"}],"about":[{"href":"https:\/\/www.sincomam.org.br\/index.php\/wp-json\/wp\/v2\/types\/post"}],"author":[{"embeddable":true,"href":"https:\/\/www.sincomam.org.br\/index.php\/wp-json\/wp\/v2\/users\/1182"}],"replies":[{"embeddable":true,"href":"https:\/\/www.sincomam.org.br\/index.php\/wp-json\/wp\/v2\/comments?post=5214"}],"version-history":[{"count":1,"href":"https:\/\/www.sincomam.org.br\/index.php\/wp-json\/wp\/v2\/posts\/5214\/revisions"}],"predecessor-version":[{"id":5216,"href":"https:\/\/www.sincomam.org.br\/index.php\/wp-json\/wp\/v2\/posts\/5214\/revisions\/5216"}],"wp:featuredmedia":[{"embeddable":true,"href":"https:\/\/www.sincomam.org.br\/index.php\/wp-json\/wp\/v2\/media\/5215"}],"wp:attachment":[{"href":"https:\/\/www.sincomam.org.br\/index.php\/wp-json\/wp\/v2\/media?parent=5214"}],"wp:term":[{"taxonomy":"category","embeddable":true,"href":"https:\/\/www.sincomam.org.br\/index.php\/wp-json\/wp\/v2\/categories?post=5214"},{"taxonomy":"post_tag","embeddable":true,"href":"https:\/\/www.sincomam.org.br\/index.php\/wp-json\/wp\/v2\/tags?post=5214"}],"curies":[{"name":"wp","href":"https:\/\/api.w.org\/{rel}","templated":true}]}}