{"id":52059,"date":"2024-06-26T10:43:50","date_gmt":"2024-06-26T13:43:50","guid":{"rendered":"http:\/\/www.sincomam.org.br\/?p=52059"},"modified":"2024-06-26T10:43:50","modified_gmt":"2024-06-26T13:43:50","slug":"marinha-conduz-plano-de-acao-para-periodo-de-seca-na-amazonia-ocidental","status":"publish","type":"post","link":"https:\/\/www.sincomam.org.br\/index.php\/marinha-conduz-plano-de-acao-para-periodo-de-seca-na-amazonia-ocidental\/","title":{"rendered":"Marinha conduz Plano de A\u00e7\u00e3o para per\u00edodo de seca na Amaz\u00f4nia Ocidental"},"content":{"rendered":"<p class=\"text-align-justify\">A Marinha do Brasil (MB), por meio do Comando do 9\u00b0 Distrito Naval (Com9\u00b0DN), vem conduzindo, ao longo de 2024, o Plano de A\u00e7\u00e3o para o per\u00edodo de seca na Amaz\u00f4nia Ocidental, especialmente nos estados do Amazonas e Rond\u00f4nia, que apresentaram n\u00edveis cr\u00edticos de estiagem no ano passado. A s\u00e9rie de medidas inclui levantamentos hidrogr\u00e1ficos, disponibiliza\u00e7\u00e3o de dados \u00e0 comunidade mar\u00edtima e preparo log\u00edstico de meios, material e pessoal.<\/p>\n<p class=\"text-align-justify\">O Comandante do 9\u00ba Distrito Naval, Vice-Almirante Jo\u00e3o Alberto de Araujo Lampert, explica que o Plano de A\u00e7\u00e3o contempla a\u00e7\u00f5es singulares e coordenadas com \u00f3rg\u00e3os e ag\u00eancias das esferas Federal, Estadual e Municipal, bem como atores que integram a comunidade mar\u00edtima e fluvial, al\u00e9m de empresas de navega\u00e7\u00e3o da regi\u00e3o amaz\u00f4nica.<\/p>\n<p>\u201cEstamos realizando esse esfor\u00e7o conjunto para buscar alternativas para manter a seguran\u00e7a da navega\u00e7\u00e3o nesse per\u00edodo cr\u00edtico para a regi\u00e3o, al\u00e9m de contribuir com a salvaguarda da vida humana no mar e a preven\u00e7\u00e3o da polui\u00e7\u00e3o h\u00eddrica\u201d, afirma.<\/p>\n<p>O Almirante Lampert informa que, dentre as a\u00e7\u00f5es constantes no Plano de A\u00e7\u00e3o, est\u00e3o os levantamentos hidrogr\u00e1ficos dos principais trechos cr\u00edticos da regi\u00e3o, pelos meios subordinados ao Centro de Navega\u00e7\u00e3o e Hidrografia do Noroeste (CHN-9). A disponibiliza\u00e7\u00e3o e divulga\u00e7\u00e3o de dados para atualiza\u00e7\u00e3o das plantas batim\u00e9tricas ser\u00e1 feita por meio do site da Capitania Fluvial da Amaz\u00f4nia Ocidental.<\/p>\n<p>Nos meses de maio e junho, os meios subordinados ao CHN-9, que incluem um Navio Hidroceanogr\u00e1fico Fluvial e dois Avisos Hidroceanogr\u00e1ficos Fluviais, realizaram levantamentos na Passagem do Tabocal e na Foz do Rio Madeira. O resultado desses levantamentos foi a publica\u00e7\u00e3o das plantas batim\u00e9tricas PB 001, 002 e 003\/2024 para a comunidade mar\u00edtima e fluvial.<\/p>\n<p><strong>Esfor\u00e7o conjunto<\/strong><br \/>\nVisando construir melhores estrat\u00e9gias para o enfrentamento da seca, a Marinha tamb\u00e9m tem participado de f\u00f3runs e reuni\u00f5es promovidas por diversos \u00f3rg\u00e3os, como a Ag\u00eancia Nacional de Transportes Aquavi\u00e1rios (ANTAQ) e o Departamento Nacional de Infraestrutura de Transportes (DNIT). O refor\u00e7o das equipes e a redu\u00e7\u00e3o dos prazos de an\u00e1lise de Planos de Interfer\u00eancia Pr\u00e9via e de Seguran\u00e7a na instala\u00e7\u00e3o de estruturas log\u00edsticas provis\u00f3rias para mitigar os efeitos da estiagem tamb\u00e9m comp\u00f5em o escopo de medidas do Plano de A\u00e7\u00e3o.<\/p>\n<p>\u201cOutro ponto essencial para essa prepara\u00e7\u00e3o \u00e9 a convoca\u00e7\u00e3o dos participantes na operacionaliza\u00e7\u00e3o das estruturas log\u00edsticas provis\u00f3rias, para identificar os gargalos e buscar consenso na ado\u00e7\u00e3o de medidas. Nesse sentido, tamb\u00e9m buscamos ajustar planos e o mapeamento de dados e not\u00edcias relacionadas ao per\u00edodo da seca, para efetuar melhor comunica\u00e7\u00e3o estrat\u00e9gica com a sociedade e a Comunidade Mar\u00edtima\u201d, pontuou o Comandante do 9\u00baDN.<\/p>\n<p><strong>Apoio humanit\u00e1rio<\/strong><br \/>\nA Marinha mant\u00e9m o preparo log\u00edstico de meios, de material e de pessoal para atua\u00e7\u00e3o nas comunidades ribeirinhas que venham sofrer com os impactos da seca. No ano passado, por meio do Comando Conjunto AMANACI, ativado pelo Minist\u00e9rio da Defesa, a For\u00e7a empregou meios navais, aeronavais e de Fuzileiros Navais para prestar apoio log\u00edstico no transporte de \u00e1gua pot\u00e1vel e cestas b\u00e1sicas aos munic\u00edpios afetados pela estiagem no Amazonas.<\/p>\n<p>As a\u00e7\u00f5es decorrentes ser\u00e3o intensificadas e ajustadas conforme o regime e tend\u00eancia dos rios da Bacia Amaz\u00f4nica. A MB encontra-se presente nos rios da Amaz\u00f4nia Ocidental cumprindo suas atribui\u00e7\u00f5es legais, atuando tamb\u00e9m em coordena\u00e7\u00e3o com os demais \u00f3rg\u00e3os p\u00fablicos, na condu\u00e7\u00e3o dos assuntos relacionados \u00e0 Defesa da P\u00e1tria e ao enfrentamento de atividades ilegais nas \u00c1guas Jurisdicionais Brasileiras, fiscalizando o cumprimento das normas que visam garantir uma navega\u00e7\u00e3o sem acidentes, a salvaguarda da vida humana e a preven\u00e7\u00e3o da polui\u00e7\u00e3o h\u00eddrica.<\/p>\n<p>Fonte: Ag\u00eancia Marinha de Not\u00edcias<\/p>\n","protected":false},"excerpt":{"rendered":"<p>A Marinha do Brasil (MB), por meio do Comando do 9\u00b0 Distrito Naval (Com9\u00b0DN), vem conduzindo, ao longo de 2024, o Plano de A\u00e7\u00e3o para&#8230;<\/p>\n","protected":false},"author":1527,"featured_media":52061,"comment_status":"closed","ping_status":"closed","sticky":false,"template":"","format":"standard","meta":{"footnotes":""},"categories":[6],"tags":[],"class_list":["post-52059","post","type-post","status-publish","format-standard","has-post-thumbnail","hentry","category-noticias"],"_links":{"self":[{"href":"https:\/\/www.sincomam.org.br\/index.php\/wp-json\/wp\/v2\/posts\/52059","targetHints":{"allow":["GET"]}}],"collection":[{"href":"https:\/\/www.sincomam.org.br\/index.php\/wp-json\/wp\/v2\/posts"}],"about":[{"href":"https:\/\/www.sincomam.org.br\/index.php\/wp-json\/wp\/v2\/types\/post"}],"author":[{"embeddable":true,"href":"https:\/\/www.sincomam.org.br\/index.php\/wp-json\/wp\/v2\/users\/1527"}],"replies":[{"embeddable":true,"href":"https:\/\/www.sincomam.org.br\/index.php\/wp-json\/wp\/v2\/comments?post=52059"}],"version-history":[{"count":1,"href":"https:\/\/www.sincomam.org.br\/index.php\/wp-json\/wp\/v2\/posts\/52059\/revisions"}],"predecessor-version":[{"id":52062,"href":"https:\/\/www.sincomam.org.br\/index.php\/wp-json\/wp\/v2\/posts\/52059\/revisions\/52062"}],"wp:featuredmedia":[{"embeddable":true,"href":"https:\/\/www.sincomam.org.br\/index.php\/wp-json\/wp\/v2\/media\/52061"}],"wp:attachment":[{"href":"https:\/\/www.sincomam.org.br\/index.php\/wp-json\/wp\/v2\/media?parent=52059"}],"wp:term":[{"taxonomy":"category","embeddable":true,"href":"https:\/\/www.sincomam.org.br\/index.php\/wp-json\/wp\/v2\/categories?post=52059"},{"taxonomy":"post_tag","embeddable":true,"href":"https:\/\/www.sincomam.org.br\/index.php\/wp-json\/wp\/v2\/tags?post=52059"}],"curies":[{"name":"wp","href":"https:\/\/api.w.org\/{rel}","templated":true}]}}