{"id":52055,"date":"2024-06-26T10:41:34","date_gmt":"2024-06-26T13:41:34","guid":{"rendered":"http:\/\/www.sincomam.org.br\/?p=52055"},"modified":"2024-06-26T10:41:34","modified_gmt":"2024-06-26T13:41:34","slug":"nivel-de-calado-do-porto-ponta-do-felix-e-aumentado-para-915-metros","status":"publish","type":"post","link":"https:\/\/www.sincomam.org.br\/index.php\/nivel-de-calado-do-porto-ponta-do-felix-e-aumentado-para-915-metros\/","title":{"rendered":"N\u00cdVEL DE CALADO DO PORTO PONTA DO F\u00c9LIX \u00c9 AUMENTADO PARA 9,15 METROS"},"content":{"rendered":"<p class=\"s4\">O Porto Ponta do F\u00e9lix, em Antonina, no Litoral do Paran\u00e1, teve\u00a0o n\u00edvel\u00a0de calado do canal de acesso aos ber\u00e7os um e dois ampliado. A profundidade,\u00a0que era de 8,30m,\u00a0passa a ser de 9,15m, de acordo com a\u00a0portaria 192\/2024, publicada pela Autoridade Portu\u00e1ria de Paranagu\u00e1 e Antonina (APPA).<\/p>\n<p class=\"s4\">\u201cO aumento do calado \u00e9 resultado de um esfor\u00e7o conjunto entre a Portos do Paran\u00e1,\u00a0praticagem\u00a0e Marinha. Ap\u00f3s a conclus\u00e3o das atividades de dragagem, com a amplia\u00e7\u00e3o dos monitoramentos ambientais e discuss\u00f5es t\u00e9cnicas foi poss\u00edvel alcan\u00e7ar este novo calado, que possibilita um aumento significativo na movimenta\u00e7\u00e3o de a\u00e7\u00facar a granel e capacita o terminal a operar com uma condi\u00e7\u00e3o prop\u00edcia para os navios de fertilizantes, fortalecendo nosso compromisso de ampliar continuamente a efici\u00eancia dos portos paranaenses\u201d, destacou o diretor de Engenharia e Manuten\u00e7\u00e3o\u00a0da Portos do Paran\u00e1, Victor\u00a0Kengo.<\/p>\n<p class=\"s4\">Com a mudan\u00e7a na infraestrutura, navios com\u00a0maior capacidade de carregamento poder\u00e3o atracar no local. A eleva\u00e7\u00e3o de calado tornar\u00e1 o PPF mais competitivo no mercado\u00a0e vai beneficiar diversos setores\u00a0da economia.<\/p>\n<p class=\"s4\">\u201cToda a economia num primeiro momento se torna mais competitiva. Tanto de Antonina quanto do Paran\u00e1 e at\u00e9 do Brasil. Ou seja, o impacto se d\u00e1 nas cadeias. Ent\u00e3o, o Porto podendo operar com maior volume de cargas, todas as cadeias que operam conosco em importa\u00e7\u00e3o e exporta\u00e7\u00e3o s\u00e3o mais competitivas\u201d, avalia Gilberto\u00a0Birkhan, diretor-presidente do PPF.<\/p>\n<p class=\"s4\">O novo calado j\u00e1 est\u00e1 em vigor.\u00a0Segundo as regras de seguran\u00e7a da\u00a0Capitania, navios com mais de nove metros devem manobrar com mar\u00e9 alta de 1,20 metros e a atraca\u00e7\u00e3o deve ser por boreste.<\/p>\n<p class=\"s4\">Competitividade\u00a0\u2013\u00a0O calado refere-se \u00e0 profundidade do casco submerso na \u00e1gua, o que influencia a capacidade da embarca\u00e7\u00e3o navegar em diferentes \u00e1reas e condi\u00e7\u00f5es. Quanto maior a profundidade de um porto, maior \u00e9 o tamanho dos navios\u00a0que podem atracar e mais produtos podem ser carregados, reduzindo, assim, o custo log\u00edstico.<\/p>\n<p class=\"s4\">\u201cPara n\u00f3s representa um avan\u00e7o e o fruto de um trabalho em equipe com praticagem, com Capitania por Portos, a parte da Marinha e a Autoridade Portu\u00e1ria. Ou seja, o resultado de toda essa soma de esfor\u00e7os vem representar um incremento substancial na capacidade de opera\u00e7\u00e3o dos barcos que v\u00e3o performar em Antonina. Tanto na entrada quanto na sa\u00edda. Importa\u00e7\u00e3o e exporta\u00e7\u00e3o de cargas\u201d, finaliza\u00a0Birkhan.<\/p>\n<p class=\"s4\">O Porto Ponta do F\u00e9lix \u00e9 respons\u00e1vel pela gera\u00e7\u00e3o de quase mil e quatrocentos empregos diretos e indiretos em Antonina, e corresponde a cerca de\u00a070%\u00a0da receita do munic\u00edpio.<\/p>\n<p class=\"s4\">O prefeito do munic\u00edpio, Z\u00e9 Paulo (PSD), recebeu a not\u00edcia\u00a0do aumento de calado\u00a0com entusiasmo. Ele acredita que a mudan\u00e7a vai impactar na gera\u00e7\u00e3o de emprego e renda no munic\u00edpio, ao permitir a chegada e partida de cargas variadas no Porto que, hoje, tem papel fundamental na economia da cidade.<\/p>\n<p class=\"s4\">\u201cMuitas fam\u00edlias dependem do Porto para sobreviver e para ter uma qualidade de vida digna. Essa sensa\u00e7\u00e3o de progresso, de intensifica\u00e7\u00e3o da atividade portu\u00e1ria e, consequentemente da atividade econ\u00f4mica, influencia outros atores\u00a0a investir. S\u00e3o mais empresas, mais servi\u00e7os num ciclo virtuoso importante para a nossa comunidade\u201d, comemora o chefe do executivo municipal.<\/p>\n<p>Fonte: Informativo dos Portos<\/p>\n","protected":false},"excerpt":{"rendered":"<p>O Porto Ponta do F\u00e9lix, em Antonina, no Litoral do Paran\u00e1, teve\u00a0o n\u00edvel\u00a0de calado do canal de acesso aos ber\u00e7os um e dois ampliado. A&#8230;<\/p>\n","protected":false},"author":1527,"featured_media":52057,"comment_status":"closed","ping_status":"closed","sticky":false,"template":"","format":"standard","meta":{"footnotes":""},"categories":[6],"tags":[],"class_list":["post-52055","post","type-post","status-publish","format-standard","has-post-thumbnail","hentry","category-noticias"],"_links":{"self":[{"href":"https:\/\/www.sincomam.org.br\/index.php\/wp-json\/wp\/v2\/posts\/52055","targetHints":{"allow":["GET"]}}],"collection":[{"href":"https:\/\/www.sincomam.org.br\/index.php\/wp-json\/wp\/v2\/posts"}],"about":[{"href":"https:\/\/www.sincomam.org.br\/index.php\/wp-json\/wp\/v2\/types\/post"}],"author":[{"embeddable":true,"href":"https:\/\/www.sincomam.org.br\/index.php\/wp-json\/wp\/v2\/users\/1527"}],"replies":[{"embeddable":true,"href":"https:\/\/www.sincomam.org.br\/index.php\/wp-json\/wp\/v2\/comments?post=52055"}],"version-history":[{"count":1,"href":"https:\/\/www.sincomam.org.br\/index.php\/wp-json\/wp\/v2\/posts\/52055\/revisions"}],"predecessor-version":[{"id":52058,"href":"https:\/\/www.sincomam.org.br\/index.php\/wp-json\/wp\/v2\/posts\/52055\/revisions\/52058"}],"wp:featuredmedia":[{"embeddable":true,"href":"https:\/\/www.sincomam.org.br\/index.php\/wp-json\/wp\/v2\/media\/52057"}],"wp:attachment":[{"href":"https:\/\/www.sincomam.org.br\/index.php\/wp-json\/wp\/v2\/media?parent=52055"}],"wp:term":[{"taxonomy":"category","embeddable":true,"href":"https:\/\/www.sincomam.org.br\/index.php\/wp-json\/wp\/v2\/categories?post=52055"},{"taxonomy":"post_tag","embeddable":true,"href":"https:\/\/www.sincomam.org.br\/index.php\/wp-json\/wp\/v2\/tags?post=52055"}],"curies":[{"name":"wp","href":"https:\/\/api.w.org\/{rel}","templated":true}]}}