{"id":52029,"date":"2024-06-25T08:16:24","date_gmt":"2024-06-25T11:16:24","guid":{"rendered":"http:\/\/www.sincomam.org.br\/?p=52029"},"modified":"2024-06-25T08:16:24","modified_gmt":"2024-06-25T11:16:24","slug":"seca-no-amazonas-aumenta-queimadas-no-pantanal-e-leva-estiagem-pelo-brasil","status":"publish","type":"post","link":"https:\/\/www.sincomam.org.br\/index.php\/seca-no-amazonas-aumenta-queimadas-no-pantanal-e-leva-estiagem-pelo-brasil\/","title":{"rendered":"Seca no Amazonas aumenta queimadas no Pantanal e leva estiagem pelo Brasil"},"content":{"rendered":"<div id=\"chunk-7tgut\">\n<div class=\"mc-column content-text active-extra-styles \" data-block-type=\"unstyled\" data-block-weight=\"51\" data-block-id=\"2\">\n<p class=\" content-text__container \" data-track-category=\"Link no Texto\" data-track-links=\"\" data-mrf-recirculation=\"Article links\">O Amazonas\u00a0vive uma seca intensa\u00a0e a avalia\u00e7\u00e3o \u00e9 a de que ela vai ser ainda mais dram\u00e1tica que a estiagem hist\u00f3rica de 2023. Para se ter no\u00e7\u00e3o da gravidade atual,\u00a0as autoridades pediram que pessoas estoquem \u00e1gua e comida<strong>\u00a0<\/strong>para enfrentarem a baixa dos rios em algumas regi\u00f5es.<\/p>\n<\/div>\n<\/div>\n<div class=\"wall protected-content\">\n<div id=\"chunk-48vh0\">\n<div class=\"mc-column content-text active-extra-styles \" data-block-type=\"unstyled\" data-block-weight=\"29\" data-block-id=\"4\">\n<p class=\" content-text__container \" data-track-category=\"Link no Texto\" data-track-links=\"\" data-mrf-recirculation=\"Article links\">A seca aumenta os fatores que tornam os inc\u00eandios mais severos. No Pantanal, os focos de fogo se aproximam dos vistos em 2020, quando a queimada bateu recordes hist\u00f3ricos. Enquanto isso, o Brasil bate o recorde de focos para o per\u00edodo dos \u00faltimos dez anos.<em>\u00a0<\/em><\/p>\n<div id=\"chunk-55qa6\">\n<div class=\"mc-column content-text active-extra-styles\" data-block-type=\"raw\" data-block-weight=\"8\" data-block-id=\"12\">\n<div class=\"content-intertitle\">\n<h2><strong>1. Qual a situa\u00e7\u00e3o da seca no Amazonas?<\/strong><\/h2>\n<\/div>\n<p>As autoridades v\u00eam alertando a popula\u00e7\u00e3o de que o ciclo de seca de 2024 pode ser o pior da hist\u00f3ria, <span class=\"highlight highlighted\">superando o desastre de 2023.<\/span><\/p>\n<\/div>\n<\/div>\n<div id=\"chunk-akf1a\">\n<div class=\"mc-column content-text active-extra-styles \" data-block-type=\"unstyled\" data-block-weight=\"38\" data-block-id=\"14\">\n<p class=\" content-text__container \" data-track-category=\"Link no Texto\" data-track-links=\"\" data-mrf-recirculation=\"Article links\">Com o ciclo de secas que se estende desde o ano passado, o estado n\u00e3o conseguiu se recuperar e come\u00e7ou a temporada com a situa\u00e7\u00e3o mais grave que a vista antes, e a regi\u00e3o j\u00e1 vive as consequ\u00eancias:<\/p>\n<\/div>\n<\/div>\n<div id=\"chunk-cag72\">\n<div class=\"mc-column content-text active-extra-styles\" data-block-type=\"raw\" data-block-weight=\"163\" data-block-id=\"15\">\n<ul class=\"content-unordered-list\" data-mrf-recirculation=\"Recomendado\">\n<li>O Rio Purus, importante para o abastecimento e navega\u00e7\u00e3o,\u00a0est\u00e1 com um d\u00e9ficit de \u00e1gua (menos chuva) maior que no ano passado.<\/li>\n<li>Ao todo, 19 rios receberam neste ano menos \u00e1gua do que 2023, o que indica que a descida pode ser mais severa.<\/li>\n<li>O Solim\u00f5es, na altura da cidade de Tabatinga,\u00a0j\u00e1 registrou uma descida de quase um metro em cinco dias.<\/li>\n<li>A Defesa Civil estadual recomendou que moradores de regi\u00f5es muito afetadas na \u00faltima seca, e que ficaram isoladas \u2013 j\u00e1 que um meio de transporte importante no Amazonas \u00e9 a navega\u00e7\u00e3o \u2013\u00a0estocassem \u00e1gua e comida desde j\u00e1.<\/li>\n<li>A associa\u00e7\u00e3o que\u00a0representa as empresas na Zona Franca de Manaus disse que h\u00e1 preocupa\u00e7\u00e3o de novas perdas.<\/li>\n<li>Para tentar evitar as perdas e o impacto no pre\u00e7o dos produtos,\u00a0o governo federal anunciou um investimento de mais de R$ 500 milh\u00f5es para a dragagem dos rios, processo que \u201cescava\u201d para que o rio possa ficar mais fundo e permitir a navega\u00e7\u00e3o.<\/li>\n<\/ul>\n<div id=\"chunk-klhg\">\n<div class=\"mc-column content-text active-extra-styles \" data-block-type=\"unstyled\" data-block-weight=\"23\" data-block-id=\"18\">\n<p class=\" content-text__container \" data-track-category=\"Link no Texto\" data-track-links=\"\" data-mrf-recirculation=\"Article links\"><span class=\"highlight highlighted\">Ainda n\u00e3o h\u00e1 como mensurar o estrago que pode ser causado,<\/span>\u00a0mas h\u00e1 como ter uma ideia, pelo que houve em 2023.<\/p>\n<\/div>\n<\/div>\n<div id=\"chunk-10enm\">\n<div class=\"mc-column content-text active-extra-styles\" data-block-type=\"raw\" data-block-weight=\"97\" data-block-id=\"19\">\n<ul class=\"content-unordered-list\" data-mrf-recirculation=\"Recomendado\">\n<li> O Rio Negro, importante afluente da bacia amaz\u00f4nica,\u00a0chegou ao n\u00edvel mais baixo registrado em mais de 100 anos.<\/li>\n<li> A seca afetou 62 cidades e impactou\u00a0mais de 600 mil pessoas,\u00a0centenas de animais morreram, e\u00a0<span class=\"highlight highlighted\">a economia viu uma perda bilion\u00e1ria para a regi\u00e3o e para o pa\u00eds.<\/span>\u00a0Isso porque o Amazonas abriga um dos maiores polos de produtos eletr\u00f4nicos, a Zona Franca de Manaus.<\/li>\n<li>\u00a0As empresas anunciaram gastos de R$ 1,4 bilh\u00e3o pela falta de \u00e1gua,\u00a0o que impactou o pre\u00e7o dos produtos que s\u00e3o distribu\u00eddos para todo o territ\u00f3rio nacional.<\/li>\n<\/ul>\n<p><strong>2. Por que o estado vive um novo ciclo de estiagem?<\/strong><\/p>\n<\/div>\n<\/div>\n<div id=\"chunk-beu1f\">\n<div class=\"content-ads content-ads--reveal\" data-block-type=\"ads\" data-block-id=\"20\">\n<div id=\"banner_materia__8ea8a320-9774-4e89-ab06-ebdb575198d6\" class=\"tag-manager-publicidade-container mc-has-reveal mc-has-ad-lazyload tag-manager-publicidade-banner_materia__8ea8a320-9774-4e89-ab06-ebdb575198d6 tag-manager-publicidade-container--carregado tag-manager-publicidade-container--visivel\" data-id=\"banner_materia__8ea8a320-9774-4e89-ab06-ebdb575198d6\" data-google-query-id=\"CJ-EucbP9oYDFccFuQYdzdkCpg\">\n<div id=\"chunk-3j84f\">\n<div class=\"mc-column content-text active-extra-styles\" data-block-type=\"raw\" data-block-weight=\"11\" data-block-id=\"22\">\n<p>Segundo os especialistas, as bacias vivem ciclos de seca e de chuva, que criam o seu equil\u00edbrio. No entanto, este ano, <span class=\"highlight highlighted\">o volume e chuva foi muito menor do que o esperado.<\/span><\/p>\n<\/div>\n<\/div>\n<div id=\"chunk-t757\">\n<div class=\"mc-column content-text active-extra-styles \" data-block-type=\"unstyled\" data-block-weight=\"34\" data-block-id=\"23\">\n<div id=\"chunk-1n1qm\">\n<div class=\"mc-column content-text active-extra-styles \" data-block-type=\"unstyled\" data-block-weight=\"9\" data-block-id=\"26\">\n<p class=\" content-text__container \" data-track-category=\"Link no Texto\" data-track-links=\"\" data-mrf-recirculation=\"Article links\">Isso \u00e9 reflexo da uni\u00e3o de dois fatores:<\/p>\n<\/div>\n<\/div>\n<div id=\"chunk-42f2n\">\n<div class=\"mc-column content-text active-extra-styles\" data-block-type=\"raw\" data-block-weight=\"5\" data-block-id=\"27\">\n<ul class=\"content-unordered-list\" data-mrf-recirculation=\"Recomendado\">\n<li> Atua\u00e7\u00e3o do El Ni\u00f1o:<\/li>\n<\/ul>\n<p>De um lado, houve o El Ni\u00f1o, que aumentou a temperatura das \u00e1guas do Oceano Pac\u00edfico Equatorial. Isso mudou os padr\u00f5es de ventos e umidade, se traduzindo em menos chuvas e aumento das temperaturas, principalmente no Norte. <span class=\"highlight highlighted\">O El Ni\u00f1o j\u00e1 acabou, mas por sua intensidade, seus efeitos ainda devem ser sentidos ao longo dos pr\u00f3ximos meses.<\/span><\/p>\n<\/div>\n<\/div>\n<div id=\"chunk-d4vb0\">\n<div class=\"mc-column content-text active-extra-styles\" data-block-type=\"raw\" data-block-weight=\"6\" data-block-id=\"29\">\n<ul class=\"content-unordered-list\" data-mrf-recirculation=\"Recomendado\">\n<li> Aquecimento do Atl\u00e2ntico Tropical Norte:<\/li>\n<\/ul>\n<p>De outro lado do continente, h\u00e1 o aquecimento do Atl\u00e2ntico Tropical Norte, que fica logo acima da linha do Equador e que tamb\u00e9m inibe a forma\u00e7\u00e3o de nuvens. Isso tamb\u00e9m reduziu o volume de chuvas na Amaz\u00f4nia. O fen\u00f4meno \u00e9 causado, principalmente, pelas mudan\u00e7as clim\u00e1ticas.<\/p>\n<\/div>\n<\/div>\n<div id=\"chunk-f02s7\">\n<div class=\"mc-column content-text active-extra-styles \" data-block-type=\"unstyled\" data-block-weight=\"51\" data-block-id=\"31\">\n<p class=\" content-text__container \" data-track-category=\"Link no Texto\" data-track-links=\"\" data-mrf-recirculation=\"Article links\">\u27a1\ufe0f A esperan\u00e7a dos especialistas \u00e9 que, com a chegada da La Ni\u00f1a, quando h\u00e1 o resfriamento da faixa Equatorial Central e Centro-Leste do Oceano Pac\u00edfico, haja mais chuva na regi\u00e3o, e isso ajude a bacia a se recuperar e a situa\u00e7\u00e3o n\u00e3o chegue \u00e0s estimativas atuais, que s\u00e3o dram\u00e1ticas.<\/p>\n<div id=\"chunk-8nltv\">\n<div class=\"mc-column content-text active-extra-styles\" data-block-type=\"raw\" data-block-weight=\"10\" data-block-id=\"34\">\n<div class=\"content-intertitle\">\n<h2>3. Como o que acontece no Amazonas afeta o Brasil?<\/h2>\n<\/div>\n<p>O Amazonas \u00e9 o maior estado do pa\u00eds, mas a seca que ocorre ali\u00a0n\u00e3o reflete apenas em sua popula\u00e7\u00e3o. A seca de 2023\u00a0ditou o que ocorre hoje no pa\u00eds,<span class=\"highlight highlighted\">\u00a0<\/span><span class=\"highlight highlighted\">e o agravamento da situa\u00e7\u00e3o coloca todo o territ\u00f3rio nacional em alerta.<\/span><\/p>\n<\/div>\n<\/div>\n<div id=\"chunk-5fat8\">\n<div class=\"mc-column content-text active-extra-styles\" data-block-type=\"raw\" data-block-weight=\"2\" data-block-id=\"36\">\n<ul class=\"content-unordered-list\" data-mrf-recirculation=\"Recomendado\">\n<li><strong>Seca generalizada<\/strong><\/li>\n<\/ul>\n<p>Em 2023, os especialistas j\u00e1 previam que a seca no estado poderia alastrar a estiagem por boa parte do territ\u00f3rio nacional, incluindo o Sudeste, e isso de fato aconteceu.<\/p>\n<\/div>\n<\/div>\n<div id=\"chunk-d4ul9\">\n<div class=\"mc-column content-text active-extra-styles \" data-block-type=\"unstyled\" data-block-weight=\"50\" data-block-id=\"38\">\n<p class=\" content-text__container \" data-track-category=\"Link no Texto\" data-track-links=\"\" data-mrf-recirculation=\"Article links\"> A Amaz\u00f4nia \u00e9 uma exportadora de umidade para o restante do pa\u00eds, e\u00a0<span class=\"highlight highlighted\">\u00e9 esse processo que favorece a chuva em boa parte do territ\u00f3rio nacional<\/span>. A umidade chega do oceano pela Foz do Amazonas e circula pela Amaz\u00f4nia, que empurra esse ar \u00famido para o restante do pa\u00eds.<\/p>\n<\/div>\n<\/div>\n<div id=\"chunk-epjav\">\n<div class=\"mc-column content-text active-extra-styles \" data-block-type=\"unstyled\" data-block-weight=\"54\" data-block-id=\"39\">\n<p class=\" content-text__container \" data-track-category=\"Link no Texto\" data-track-links=\"\" data-mrf-recirculation=\"Article links\">A altera\u00e7\u00e3o deste ciclo leva a seca para al\u00e9m do Amazonas<span class=\"highlight highlighted\">.\u00a0<\/span><span class=\"highlight highlighted\">Se n\u00e3o h\u00e1 umidade na Amaz\u00f4nia, n\u00e3o h\u00e1 como distribu\u00ed-la pelo Brasil, e o resultado \u00e9 um efeito cascata\u00a0<\/span>com a seca em todo o territ\u00f3rio nacional. O Cemaden mostra que, este ano, a seca mais severa est\u00e1 generalizada.<em>\u00a0<\/em><\/p>\n<div id=\"chunk-32ajl\">\n<div class=\"mc-column content-text active-extra-styles \" data-block-type=\"unstyled\" data-block-weight=\"26\" data-block-id=\"43\">\n<p class=\" content-text__container \" data-track-category=\"Link no Texto\" data-track-links=\"\" data-mrf-recirculation=\"Article links\">Ou seja, caso a situa\u00e7\u00e3o siga se agravando, com uma La Ni\u00f1a menos impactante que o esperado, a seca vai seguir castigando todo o Brasil.<\/p>\n<\/div>\n<\/div>\n<div id=\"chunk-7vh4r\">\n<div class=\"mc-column content-text active-extra-styles\" data-block-type=\"raw\" data-block-weight=\"3\" data-block-id=\"44\">\n<ul class=\"content-unordered-list\" data-mrf-recirculation=\"Recomendado\">\n<li><strong>Fogo no Pantanal<\/strong><\/li>\n<\/ul>\n<p>A seca tomou o Mato Grosso e o Mato Grosso do Sul, onde est\u00e1 o Pantanal. O bioma, que \u00e9 a maior plan\u00edcie alagada do mundo, est\u00e1 se transformando em um lugar cada vez mais seco e, consequentemente, inflam\u00e1vel.<\/p>\n<\/div>\n<\/div>\n<div id=\"chunk-518os\">\n<div class=\"mc-column content-text active-extra-styles \" data-block-type=\"unstyled\" data-block-weight=\"37\" data-block-id=\"46\">\n<p class=\" content-text__container \" data-track-category=\"Link no Texto\" data-track-links=\"\" data-mrf-recirculation=\"Article links\">Um estudo in\u00e9dito do Mapbiomas, que ser\u00e1 divulgado nesta semana, mostra como a \u00e1rea coberta de \u00e1gua no Pantanal vem diminuindo desde 1985. Em 2023, a \u00e1rea alagada ficou 61% abaixo da m\u00e9dia hist\u00f3rica.<\/p>\n<\/div>\n<div id=\"chunk-6gsrt\">\n<div class=\"mc-column content-text active-extra-styles \" data-block-type=\"unstyled\" data-block-weight=\"26\" data-block-id=\"49\">\n<p class=\" content-text__container \" data-track-category=\"Link no Texto\" data-track-links=\"\" data-mrf-recirculation=\"Article links\">Com a estiagem deste ano, o n\u00famero de focos de inc\u00eandio no bioma j\u00e1 supera o registrado no mesmo per\u00edodo de 2020, ano recorde de queimadas.<\/p>\n<\/div>\n<\/div>\n<div id=\"chunk-dbkjd\">\n<div class=\"mc-column content-text active-extra-styles\" data-block-type=\"raw\" data-block-weight=\"3\" data-block-id=\"50\">\n<ul class=\"content-unordered-list\" data-mrf-recirculation=\"Recomendado\">\n<li><strong>Fogo pelo pa\u00eds<\/strong><\/li>\n<\/ul>\n<p>Al\u00e9m disso, com o tempo seco, o fogo tem se alastrado pelo pa\u00eds. Segundo o monitoramento feito pelo Instituto Nacional de Pesquisas Espaciais (Inpe), este ano \u00e9 o maior em registros de focos de inc\u00eandio no pa\u00eds nos \u00faltimos 10 anos.<\/p>\n<p>Fonte: G1<\/p>\n<\/div>\n<\/div>\n<\/div>\n<\/div>\n<\/div>\n<\/div>\n<\/div>\n<\/div>\n<\/div>\n<\/div>\n<\/div>\n<\/div>\n<\/div>\n<\/div>\n<\/div>\n<\/div>\n<\/div>\n","protected":false},"excerpt":{"rendered":"<p>O Amazonas\u00a0vive uma seca intensa\u00a0e a avalia\u00e7\u00e3o \u00e9 a de que ela vai ser ainda mais dram\u00e1tica que a estiagem hist\u00f3rica de 2023. Para se&#8230;<\/p>\n","protected":false},"author":1527,"featured_media":52031,"comment_status":"closed","ping_status":"closed","sticky":false,"template":"","format":"standard","meta":{"footnotes":""},"categories":[6],"tags":[],"class_list":["post-52029","post","type-post","status-publish","format-standard","has-post-thumbnail","hentry","category-noticias"],"_links":{"self":[{"href":"https:\/\/www.sincomam.org.br\/index.php\/wp-json\/wp\/v2\/posts\/52029","targetHints":{"allow":["GET"]}}],"collection":[{"href":"https:\/\/www.sincomam.org.br\/index.php\/wp-json\/wp\/v2\/posts"}],"about":[{"href":"https:\/\/www.sincomam.org.br\/index.php\/wp-json\/wp\/v2\/types\/post"}],"author":[{"embeddable":true,"href":"https:\/\/www.sincomam.org.br\/index.php\/wp-json\/wp\/v2\/users\/1527"}],"replies":[{"embeddable":true,"href":"https:\/\/www.sincomam.org.br\/index.php\/wp-json\/wp\/v2\/comments?post=52029"}],"version-history":[{"count":1,"href":"https:\/\/www.sincomam.org.br\/index.php\/wp-json\/wp\/v2\/posts\/52029\/revisions"}],"predecessor-version":[{"id":52032,"href":"https:\/\/www.sincomam.org.br\/index.php\/wp-json\/wp\/v2\/posts\/52029\/revisions\/52032"}],"wp:featuredmedia":[{"embeddable":true,"href":"https:\/\/www.sincomam.org.br\/index.php\/wp-json\/wp\/v2\/media\/52031"}],"wp:attachment":[{"href":"https:\/\/www.sincomam.org.br\/index.php\/wp-json\/wp\/v2\/media?parent=52029"}],"wp:term":[{"taxonomy":"category","embeddable":true,"href":"https:\/\/www.sincomam.org.br\/index.php\/wp-json\/wp\/v2\/categories?post=52029"},{"taxonomy":"post_tag","embeddable":true,"href":"https:\/\/www.sincomam.org.br\/index.php\/wp-json\/wp\/v2\/tags?post=52029"}],"curies":[{"name":"wp","href":"https:\/\/api.w.org\/{rel}","templated":true}]}}