{"id":5201,"date":"2014-04-30T08:56:58","date_gmt":"2014-04-30T11:56:58","guid":{"rendered":"http:\/\/www.sincomam.org.br\/?p=5201"},"modified":"2014-04-30T10:33:12","modified_gmt":"2014-04-30T13:33:12","slug":"veja-o-que-abre-e-o-que-fecha-no-feriadao-do-dia-do-trabalho-no-rio","status":"publish","type":"post","link":"https:\/\/www.sincomam.org.br\/index.php\/veja-o-que-abre-e-o-que-fecha-no-feriadao-do-dia-do-trabalho-no-rio\/","title":{"rendered":"Veja o que abre e o que fecha no feriad\u00e3o do Dia do Trabalho no Rio"},"content":{"rendered":"<p>Durante o feriado do Dia do Trabalho, que ser\u00e1 nesta quinta-feira (1\u00ba), diversos servi\u00e7os p\u00fablicos ter\u00e3o hor\u00e1rios especiais de funcionamento. Confira abaixo o que abre e o que fecha.<\/p>\n<p><b>Metr\u00f4<\/b><\/p>\n<p>A circula\u00e7\u00e3o come\u00e7a \u00e0s 7h e termina \u00e0s 23h em todas as esta\u00e7\u00f5es no dia 1\u00ba. J\u00e1 na sexta-feira (2), o funcionamento \u00e9 normal, das 5h \u00e0 0h, como ser\u00e1 tamb\u00e9m no s\u00e1bado, considerado dia \u00fatil. No domingo, os trens come\u00e7am a circular \u00e0s 7h. As portas das esta\u00e7\u00f5es fecham \u00e0s 23h.<\/p>\n<p><b>Supervia<\/b><\/p>\n<p>Os trens da SuperVia ir\u00e3o circular das 4h40 \u00e0s 20h30 no dia do Trabalho. Segundo a concession\u00e1ria, haver\u00e1 partidas extras da esta\u00e7\u00e3o S\u00e3o Crist\u00f3v\u00e3o para atender \u00e0 demanda de visitantes da Quinta da Boa Vista, local que costuma receber muitos milhares de pessoas em dia de feriado. As composi\u00e7\u00f5es extras partir\u00e3o da esta\u00e7\u00e3o com destino aos terminais Santa Cruz, \u00e0s 19h, Japeri, \u00e0s 19h30, Saracuruna, 19h05, e Belford Roxo, \u00e0s 19h15.<\/p>\n<p><b>Barcas<\/b><\/p>\n<p>As partidas das barcas come\u00e7am \u00e0s 5h30 e v\u00e3o at\u00e9 as 23h30 no trajeto Pra\u00e7a Ararib\u00f3ia-Pra\u00e7a XV no dia 1\u00ba de maio, com intervalos de 30 minutos. A primeira viagem saindo da Pra\u00e7a XV para a Pra\u00e7a Ararib\u00f3ia \u00e9 \u00e0s 6h, tamb\u00e9m com intervalo de 30 minutos, como em dias de feriado.<\/p>\n<p>Na sexta-feira (2), haver\u00e1 esquema especial. Na linha Pra\u00e7a Arariboia-Pra\u00e7a XV, a concession\u00e1ria vai operar com intervalos de 15 minutos, das 7h \u00e0s 10h. No trajeto Pra\u00e7a XV-Pra\u00e7a Arariboia, das 17h \u00e0s 20h. Na linha Pra\u00e7a XV-Charitas-Pra\u00e7a XV, os intervalos ser\u00e3o de 20 minutos das 6h30 at\u00e9 \u00e0s 10h, e das 16h \u00e0s 20h.<\/p>\n<p>A linha que atende \u00e0 Ilha do Governador tamb\u00e9m vai operar com hor\u00e1rios especiais. Da Esta\u00e7\u00e3o Cocot\u00e1 para a Pra\u00e7a XV, as viagens ser\u00e3o realizadas \u00e0s 7h, 8h, 9h20, 11h40 e \u00e0s 18h40. No trajeto oposto (Pra\u00e7a XV-Cocot\u00e1), os hor\u00e1rios programados s\u00e3o 8h10, 10h30, 17h30 e 18h40. J\u00e1 a linha de Paquet\u00e1 vai operar com hor\u00e1rios normais de dias \u00fateis.<\/p>\n","protected":false},"excerpt":{"rendered":"<p>Durante o feriado do Dia do Trabalho, que ser\u00e1 nesta quinta-feira (1\u00ba), diversos servi\u00e7os p\u00fablicos ter\u00e3o hor\u00e1rios especiais de funcionamento. Confira abaixo o que abre&#8230;<\/p>\n","protected":false},"author":1182,"featured_media":4685,"comment_status":"closed","ping_status":"closed","sticky":false,"template":"","format":"standard","meta":{"footnotes":""},"categories":[6],"tags":[489,1060,964,271,59,1059],"class_list":["post-5201","post","type-post","status-publish","format-standard","has-post-thumbnail","hentry","category-noticias","tag-barcas","tag-dia-do-trabalho","tag-feriado","tag-funcionamento","tag-rio-de-janeiro","tag-transportes"],"_links":{"self":[{"href":"https:\/\/www.sincomam.org.br\/index.php\/wp-json\/wp\/v2\/posts\/5201","targetHints":{"allow":["GET"]}}],"collection":[{"href":"https:\/\/www.sincomam.org.br\/index.php\/wp-json\/wp\/v2\/posts"}],"about":[{"href":"https:\/\/www.sincomam.org.br\/index.php\/wp-json\/wp\/v2\/types\/post"}],"author":[{"embeddable":true,"href":"https:\/\/www.sincomam.org.br\/index.php\/wp-json\/wp\/v2\/users\/1182"}],"replies":[{"embeddable":true,"href":"https:\/\/www.sincomam.org.br\/index.php\/wp-json\/wp\/v2\/comments?post=5201"}],"version-history":[{"count":1,"href":"https:\/\/www.sincomam.org.br\/index.php\/wp-json\/wp\/v2\/posts\/5201\/revisions"}],"predecessor-version":[{"id":5202,"href":"https:\/\/www.sincomam.org.br\/index.php\/wp-json\/wp\/v2\/posts\/5201\/revisions\/5202"}],"wp:featuredmedia":[{"embeddable":true,"href":"https:\/\/www.sincomam.org.br\/index.php\/wp-json\/wp\/v2\/media\/4685"}],"wp:attachment":[{"href":"https:\/\/www.sincomam.org.br\/index.php\/wp-json\/wp\/v2\/media?parent=5201"}],"wp:term":[{"taxonomy":"category","embeddable":true,"href":"https:\/\/www.sincomam.org.br\/index.php\/wp-json\/wp\/v2\/categories?post=5201"},{"taxonomy":"post_tag","embeddable":true,"href":"https:\/\/www.sincomam.org.br\/index.php\/wp-json\/wp\/v2\/tags?post=5201"}],"curies":[{"name":"wp","href":"https:\/\/api.w.org\/{rel}","templated":true}]}}