{"id":51931,"date":"2024-06-20T09:40:43","date_gmt":"2024-06-20T12:40:43","guid":{"rendered":"http:\/\/www.sincomam.org.br\/?p=51931"},"modified":"2024-06-20T09:40:43","modified_gmt":"2024-06-20T12:40:43","slug":"parlamentares-se-mobilizam-para-ampliar-orcamento-do-programa-antartico","status":"publish","type":"post","link":"https:\/\/www.sincomam.org.br\/index.php\/parlamentares-se-mobilizam-para-ampliar-orcamento-do-programa-antartico\/","title":{"rendered":"Parlamentares se mobilizam para ampliar or\u00e7amento do Programa Ant\u00e1rtico"},"content":{"rendered":"<p class=\"text-align-justify\">Deputados e senadores participaram, nesta quarta-feira (19), do encontro da Frente Parlamentar Mista de Apoio ao Programa Ant\u00e1rtico Brasileiro (PROANTAR), em Bras\u00edlia (DF). Diante da amplia\u00e7\u00e3o das instala\u00e7\u00f5es da Esta\u00e7\u00e3o Ant\u00e1rtica Comandante Ferraz (EACF) e do aumento do n\u00famero de projetos de pesquisa na regi\u00e3o, a mobiliza\u00e7\u00e3o parlamentar visa ampliar os investimentos no programa, que j\u00e1 n\u00e3o conseguem suprir totalmente a atual demanda.<\/p>\n<p class=\"text-align-justify\">\u201cNossa vinda aqui \u00e9 para fazer uma presta\u00e7\u00e3o de contas, para renovar o nosso compromisso de permanecer no continente ant\u00e1rtico e de pedir apoio aos parlamentares, para poder apoiar, cada vez mais, a pesquisa cient\u00edfica brasileira na regi\u00e3o\u201d, explicou o Secret\u00e1rio da Comiss\u00e3o Interministerial para os Recursos do Mar (CIRM), Contra-Almirante Ricardo Jaques Ferreira.<\/p>\n<p class=\"text-align-justify\">Durante a cerim\u00f4nia, na C\u00e2mara dos Deputados, os parlamentares puderam conhecer os projetos desenvolvidos na Ant\u00e1rtica, conversar com pesquisadores de institui\u00e7\u00f5es renomadas na \u00e1rea da Ci\u00eancia, como a Universidade de Bras\u00edlia e a Funda\u00e7\u00e3o Oswaldo Cruz (Fiocruz), al\u00e9m de conversar em tempo real com os militares que, atualmente, operam e mant\u00eam a EACF.<\/p>\n<p class=\"text-align-justify\">O encontro tamb\u00e9m contou com a presen\u00e7a de crian\u00e7as do 6\u00ba ano da Escola Classe 10 de Taguatinga (DF), que participam de projetos junto \u00e0 Secretaria da Comiss\u00e3o Interministerial para os Recursos do Mar (SECIRM) para despertar a consci\u00eancia sobre a import\u00e2ncia do continente ant\u00e1rtico. Elas tiveram seus desenhos sobre o PROANTAR expostos durante a cerim\u00f4nia e puderam direcionar perguntas \u00e0 equipe na Esta\u00e7\u00e3o, por videoconfer\u00eancia.<\/p>\n<p class=\"text-align-justify\">A Marinha \u00e9 respons\u00e1vel pelo suporte log\u00edstico ao PROANTAR por meio das Opera\u00e7\u00f5es Ant\u00e1rticas (OPERANTAR) anuais, empregando o Navio de Apoio Oceanogr\u00e1fico \u201cAry Rongel\u201d, o Navio Polar \u201cAlmirante Maximiano\u201d e aeronaves UH-17, do 1\u00b0 Esquadr\u00e3o de Helic\u00f3pteros de Emprego Geral, al\u00e9m da EACF, localizada na Ilha Rei George, base permanente para as atividades dos militares e dos cientistas e onde ficam alojados.<\/p>\n<p class=\"text-align-justify\">A Frente Parlamentar Mista de Apoio ao PROANTAR tem seus membros renovados a cada ano legislativo, acompanhando altera\u00e7\u00f5es na composi\u00e7\u00e3o do Congresso Nacional. Para 2024, o grupo foi respons\u00e1vel pelo aporte de R$ 2,2 milh\u00f5es em emendas parlamentares individuais, a fim de contribuir para manter as atividades da EACF, incluindo os laborat\u00f3rios de qu\u00edmica, microbiologia e de bioensaios.<\/p>\n<p class=\"text-align-justify\">\u201cO Programa Ant\u00e1rtico Brasileiro tem uma import\u00e2ncia muito grande, pelo trabalho que \u00e9 realizado no continente ant\u00e1rtico, com pesquisas que orgulham a todos n\u00f3s, brasileiros. Procuramos dar todo o apoio no sentido de aportar recursos atrav\u00e9s de emendas parlamentares, para que os trabalhos na Ant\u00e1rtica tenham mais conforto financeiro\u201d, afirmou o presidente da Frente Parlamentar, Deputado Federal Jos\u00e9 Rocha.<\/p>\n<p class=\"text-align-justify\">Por estar presente e desenvolver pesquisas cient\u00edficas relevantes no continente gelado, o Brasil conquistou o direito \u00e0 plena participa\u00e7\u00e3o nos processos decis\u00f3rios sobre o futuro da regi\u00e3o. O Pa\u00eds foi elevado a membro consultivo do Tratado da Ant\u00e1rtica, acordo internacional do qual o Pa\u00eds \u00e9 signat\u00e1rio. Al\u00e9m dele, outros 28 pa\u00edses possuem a mesma prerrogativa.<\/p>\n<p class=\"text-align-justify\">Entre outubro de 2023 e abril de 2024, per\u00edodo da \u00faltima OPERANTAR, foram apoiados 137 pesquisadores de 18 institui\u00e7\u00f5es e universidades nacionais. Eles foram respons\u00e1veis por 23 projetos de pesquisas, em \u00e1reas como biodiversidade, clima, geologia, geof\u00edsica, oceanografia, sa\u00fade e ci\u00eancias humanas e sociais. Os estudos s\u00e3o focados nas conex\u00f5es entre a regi\u00e3o ant\u00e1rtica, o Oceano Atl\u00e2ntico e a Am\u00e9rica do Sul.<\/p>\n<p>Fonte: Ag\u00eancia Marinha de Not\u00edcias<\/p>\n","protected":false},"excerpt":{"rendered":"<p>Deputados e senadores participaram, nesta quarta-feira (19), do encontro da Frente Parlamentar Mista de Apoio ao Programa Ant\u00e1rtico Brasileiro (PROANTAR), em Bras\u00edlia (DF). Diante da&#8230;<\/p>\n","protected":false},"author":1527,"featured_media":51932,"comment_status":"closed","ping_status":"closed","sticky":false,"template":"","format":"standard","meta":{"footnotes":""},"categories":[6],"tags":[],"class_list":["post-51931","post","type-post","status-publish","format-standard","has-post-thumbnail","hentry","category-noticias"],"_links":{"self":[{"href":"https:\/\/www.sincomam.org.br\/index.php\/wp-json\/wp\/v2\/posts\/51931","targetHints":{"allow":["GET"]}}],"collection":[{"href":"https:\/\/www.sincomam.org.br\/index.php\/wp-json\/wp\/v2\/posts"}],"about":[{"href":"https:\/\/www.sincomam.org.br\/index.php\/wp-json\/wp\/v2\/types\/post"}],"author":[{"embeddable":true,"href":"https:\/\/www.sincomam.org.br\/index.php\/wp-json\/wp\/v2\/users\/1527"}],"replies":[{"embeddable":true,"href":"https:\/\/www.sincomam.org.br\/index.php\/wp-json\/wp\/v2\/comments?post=51931"}],"version-history":[{"count":1,"href":"https:\/\/www.sincomam.org.br\/index.php\/wp-json\/wp\/v2\/posts\/51931\/revisions"}],"predecessor-version":[{"id":51933,"href":"https:\/\/www.sincomam.org.br\/index.php\/wp-json\/wp\/v2\/posts\/51931\/revisions\/51933"}],"wp:featuredmedia":[{"embeddable":true,"href":"https:\/\/www.sincomam.org.br\/index.php\/wp-json\/wp\/v2\/media\/51932"}],"wp:attachment":[{"href":"https:\/\/www.sincomam.org.br\/index.php\/wp-json\/wp\/v2\/media?parent=51931"}],"wp:term":[{"taxonomy":"category","embeddable":true,"href":"https:\/\/www.sincomam.org.br\/index.php\/wp-json\/wp\/v2\/categories?post=51931"},{"taxonomy":"post_tag","embeddable":true,"href":"https:\/\/www.sincomam.org.br\/index.php\/wp-json\/wp\/v2\/tags?post=51931"}],"curies":[{"name":"wp","href":"https:\/\/api.w.org\/{rel}","templated":true}]}}