{"id":5193,"date":"2014-04-30T09:28:55","date_gmt":"2014-04-30T12:28:55","guid":{"rendered":"http:\/\/www.sincomam.org.br\/?p=5193"},"modified":"2014-04-30T10:09:51","modified_gmt":"2014-04-30T13:09:51","slug":"renan-calheiros-marca-inicio-da-cpi-da-petrobras","status":"publish","type":"post","link":"https:\/\/www.sincomam.org.br\/index.php\/renan-calheiros-marca-inicio-da-cpi-da-petrobras\/","title":{"rendered":"Renan Calheiros marca in\u00edcio da CPI da Petrobras"},"content":{"rendered":"<p>O presidente do Senado, Renan Calheiros (PMDB-AL), anunciou, nesta ter\u00e7a-feira, 29, que &#8220;por dever funcional&#8221; vai recorrer ao plen\u00e1rio do Supremo Tribunal Federal (STF) contra a decis\u00e3o da ministra Rosa Weber, que determinou a imediata instala\u00e7\u00e3o da Comiss\u00e3o Parlamentar de Inqu\u00e9rito (CPI) da Casa, exclusiva, para investigar opera\u00e7\u00f5es da Petrobras, como a compra da refinaria de Pasadena, no Texas (EUA), pela empresa.<\/p>\n<p>Apesar do recurso, Renan solicitou aos l\u00edderes partid\u00e1rios que fa\u00e7am &#8220;imediatamente&#8221; as indica\u00e7\u00f5es para compor a CPI do Senado e marcou o in\u00edcio dos trabalhos para a ter\u00e7a, 6. O objetivo \u00e9 cumprir a determina\u00e7\u00e3o da ministra do STF, enquanto o plen\u00e1rio n\u00e3o se manifestar sobre ela.<\/p>\n<p>Ao anunciar que vai recorrer ao pleno do STF, Renan justificou tratar-se de uma iniciativa institucional, que n\u00e3o \u00e9 pol\u00edtica nem partid\u00e1ria. &#8220;Recorro, porque \u00e9 imperioso pacificar o entendimento [em torno da amplitude do objeto de investiga\u00e7\u00e3o de uma CPI], para que a jurisprud\u00eancia se sustente em uma decis\u00e3o coletiva&#8221;, disse.<\/p>\n<p>Essa decis\u00e3o de Renan refere-se apenas \u00e0 CPI do senado, que foi objeto do mandado de seguran\u00e7a impetrado no STF e, consequentemente, da liminar concedida por Rosa Weber.<\/p>\n<p>Com rela\u00e7\u00e3o \u00e0 CPI mista, que seria formada por deputados e senadores, tamb\u00e9m com o foco na Petrobras, Renan disse que n\u00e3o poderia, sozinho, tomar uma decis\u00e3o com rela\u00e7\u00e3o ao calend\u00e1rio e procedimentos. Ele marcou reuni\u00e3o com os l\u00edderes dos partidos tamb\u00e9m para a pr\u00f3xima ter\u00e7a, para essa discuss\u00e3o.<\/p>\n<p>Segundo Calheiros, presidente do Senado e do Congresso, a decis\u00e3o de Rosa Weber diz respeito \u00e0 CPI do Senado e, por isso, n\u00e3o poderia determinar a instala\u00e7\u00e3o da CPI mista (a CPMI), em seu lugar. Afirmou que, embora saiba que a prioridade da oposi\u00e7\u00e3o seja pela investiga\u00e7\u00e3o mista, prefere que a decis\u00e3o de instalar a CPI mista seja colegiada \u2014 e n\u00e3o pessoal.<\/p>\n<p>&#8220;A oposi\u00e7\u00e3o sempre deixou clara sua prefer\u00eancia pela CPI mista, mas sua instala\u00e7\u00e3o n\u00e3o poder\u00e1 acontecer por iniciativa do presidente do Senado. A decis\u00e3o de uma CPI se sobrepor \u00e0 outra tem que ser pol\u00edtica&#8221;, afirmou Renan, justificando a decis\u00e3o de aguardar um entendimento entre os l\u00edderes sobre a investiga\u00e7\u00e3o mista.<\/p>\n<p>Fonte: Valor &#8211; Raquel Ulh\u00f4a<\/p>\n","protected":false},"excerpt":{"rendered":"<p>O presidente do Senado, Renan Calheiros (PMDB-AL), anunciou, nesta ter\u00e7a-feira, 29, que &#8220;por dever funcional&#8221; vai recorrer ao plen\u00e1rio do Supremo Tribunal Federal (STF) contra&#8230;<\/p>\n","protected":false},"author":1182,"featured_media":4983,"comment_status":"closed","ping_status":"closed","sticky":false,"template":"","format":"standard","meta":{"footnotes":""},"categories":[6],"tags":[831,940,58,1054],"class_list":["post-5193","post","type-post","status-publish","format-standard","has-post-thumbnail","hentry","category-noticias","tag-cpi","tag-inicio","tag-petrobras","tag-renan-calheiros"],"_links":{"self":[{"href":"https:\/\/www.sincomam.org.br\/index.php\/wp-json\/wp\/v2\/posts\/5193","targetHints":{"allow":["GET"]}}],"collection":[{"href":"https:\/\/www.sincomam.org.br\/index.php\/wp-json\/wp\/v2\/posts"}],"about":[{"href":"https:\/\/www.sincomam.org.br\/index.php\/wp-json\/wp\/v2\/types\/post"}],"author":[{"embeddable":true,"href":"https:\/\/www.sincomam.org.br\/index.php\/wp-json\/wp\/v2\/users\/1182"}],"replies":[{"embeddable":true,"href":"https:\/\/www.sincomam.org.br\/index.php\/wp-json\/wp\/v2\/comments?post=5193"}],"version-history":[{"count":1,"href":"https:\/\/www.sincomam.org.br\/index.php\/wp-json\/wp\/v2\/posts\/5193\/revisions"}],"predecessor-version":[{"id":5194,"href":"https:\/\/www.sincomam.org.br\/index.php\/wp-json\/wp\/v2\/posts\/5193\/revisions\/5194"}],"wp:featuredmedia":[{"embeddable":true,"href":"https:\/\/www.sincomam.org.br\/index.php\/wp-json\/wp\/v2\/media\/4983"}],"wp:attachment":[{"href":"https:\/\/www.sincomam.org.br\/index.php\/wp-json\/wp\/v2\/media?parent=5193"}],"wp:term":[{"taxonomy":"category","embeddable":true,"href":"https:\/\/www.sincomam.org.br\/index.php\/wp-json\/wp\/v2\/categories?post=5193"},{"taxonomy":"post_tag","embeddable":true,"href":"https:\/\/www.sincomam.org.br\/index.php\/wp-json\/wp\/v2\/tags?post=5193"}],"curies":[{"name":"wp","href":"https:\/\/api.w.org\/{rel}","templated":true}]}}