{"id":51922,"date":"2024-06-20T07:44:51","date_gmt":"2024-06-20T10:44:51","guid":{"rendered":"http:\/\/www.sincomam.org.br\/?p=51922"},"modified":"2024-06-20T07:44:51","modified_gmt":"2024-06-20T10:44:51","slug":"portosrio-assina-termo-de-cooperacao-tecnica-para-modernizacao-dos-portos","status":"publish","type":"post","link":"https:\/\/www.sincomam.org.br\/index.php\/portosrio-assina-termo-de-cooperacao-tecnica-para-modernizacao-dos-portos\/","title":{"rendered":"PortosRio assina Termo de Coopera\u00e7\u00e3o T\u00e9cnica para moderniza\u00e7\u00e3o dos portos"},"content":{"rendered":"<div>Por meio do Minist\u00e9rio de Portos e Aeroportos, a PortosRio &#8211; Autoridade Portu\u00e1ria respons\u00e1vel pela administra\u00e7\u00e3o dos Portos do Rio de Janeiro, Itagua\u00ed, Niter\u00f3i, Angra dos Reis e Forno &#8211; o Porto de Santos e a Companhia Docas do Estado da Bahia (Codeba) formalizaram a assinatura de um Termo de Coopera\u00e7\u00e3o T\u00e9cnica para a moderniza\u00e7\u00e3o dos portos p\u00fablicos, com o desenvolvimento de solu\u00e7\u00f5es tecnol\u00f3gicas. A solenidade aconteceu na segunda-feira (17), no Cineteatro dos Barrageiros, em Foz do Igua\u00e7u.<\/div>\n<div><\/div>\n<div>A parceria tem como objetivo promover mais efici\u00eancia e seguran\u00e7a das atividades portu\u00e1rias, impulsionando a competitividade dos portos brasileiros no mercado global. A implementa\u00e7\u00e3o de projetos de pesquisa, desenvolvimento, infraestrutura e descarboniza\u00e7\u00e3o s\u00e3o pontos-chave deste acordo, que simboliza o comprometimento de todas as entidades envolvidas com o progresso e a sustentabilidade do setor portu\u00e1rio.<\/div>\n<div><\/div>\n<div>Para o diretor-presidente da PortosRio, Francisco Martins, a assinatura deste Termo de Coopera\u00e7\u00e3o T\u00e9cnica representa um marco significativo para os portos p\u00fablicos do Estado do Rio de Janeiro: &#8220;Estamos diante de um momento hist\u00f3rico porque a moderniza\u00e7\u00e3o portu\u00e1ria \u00e9 fundamental para garantir um futuro mais seguro, eficiente e sustent\u00e1vel para os nossos portos. Esta parceria com o PTI nos permitir\u00e1 implementar solu\u00e7\u00f5es tecnol\u00f3gicas de ponta, promovendo um salto de qualidade em nossa infraestrutura e consolidando nossa posi\u00e7\u00e3o no cen\u00e1rio internacional.\u201d<\/div>\n<div><\/div>\n<div>Durante a cerim\u00f4nia, o diretor-superintendente do PTI, Professor Irineu Colombo, enfatizou a alegria e orgulho do Parque Tecnol\u00f3gico em contribuir com solu\u00e7\u00f5es tecnol\u00f3gicas para o Brasil: &#8220;Colaborar com a moderniza\u00e7\u00e3o do pa\u00eds e seu desenvolvimento tecnol\u00f3gico \u00e9 motivo de grande satisfa\u00e7\u00e3o. Estamos prontos para ajudar no avan\u00e7o industrial do Brasil.&#8221; Enio Verri, diretor-geral da Itaipu Binacional, ressaltou a relev\u00e2ncia da inova\u00e7\u00e3o para a seguran\u00e7a e efici\u00eancia dos portos brasileiros: &#8220;Participar da amplia\u00e7\u00e3o da competitividade do pa\u00eds e tornar os portos mais eficientes \u00e9 uma fun\u00e7\u00e3o determinante. Parab\u00e9ns ao PTI por sua qualidade, dedica\u00e7\u00e3o e compromisso com o futuro do Brasil.&#8221;<\/div>\n<div><\/div>\n<div>A Ministra de Ci\u00eancia e Tecnologia, Luciana Santos, destacou a import\u00e2ncia estrat\u00e9gica desta coopera\u00e7\u00e3o para o Brasil, dada sua intensa rela\u00e7\u00e3o comercial global: &#8220;Precisamos de competitividade, e quem pode contribuir \u00e9 a ci\u00eancia, a tecnologia e a inova\u00e7\u00e3o. Essa intelig\u00eancia prestar\u00e1 um servi\u00e7o inestim\u00e1vel, melhorando esta atividade econ\u00f4mica e firmando nosso caminho de desenvolvimento.&#8221; O Ministro de Portos e Aeroportos, Silvio Costa Filho, ressaltou a relev\u00e2ncia dos termos de coopera\u00e7\u00e3o para o setor portu\u00e1rio brasileiro, que apresentou crescimento significativo: &#8220;O setor gera emprego, renda e movimenta a economia. \u00c9 fundamental levar tecnologia e inova\u00e7\u00e3o para nossos portos, fortalecendo ainda mais este segmento crucial.&#8221;<\/div>\n<div><\/div>\n<div>Fonte: PortosRio<\/div>\n","protected":false},"excerpt":{"rendered":"<p>Por meio do Minist\u00e9rio de Portos e Aeroportos, a PortosRio &#8211; Autoridade Portu\u00e1ria respons\u00e1vel pela administra\u00e7\u00e3o dos Portos do Rio de Janeiro, Itagua\u00ed, Niter\u00f3i, Angra&#8230;<\/p>\n","protected":false},"author":1527,"featured_media":51923,"comment_status":"closed","ping_status":"closed","sticky":false,"template":"","format":"standard","meta":{"footnotes":""},"categories":[6],"tags":[],"class_list":["post-51922","post","type-post","status-publish","format-standard","has-post-thumbnail","hentry","category-noticias"],"_links":{"self":[{"href":"https:\/\/www.sincomam.org.br\/index.php\/wp-json\/wp\/v2\/posts\/51922","targetHints":{"allow":["GET"]}}],"collection":[{"href":"https:\/\/www.sincomam.org.br\/index.php\/wp-json\/wp\/v2\/posts"}],"about":[{"href":"https:\/\/www.sincomam.org.br\/index.php\/wp-json\/wp\/v2\/types\/post"}],"author":[{"embeddable":true,"href":"https:\/\/www.sincomam.org.br\/index.php\/wp-json\/wp\/v2\/users\/1527"}],"replies":[{"embeddable":true,"href":"https:\/\/www.sincomam.org.br\/index.php\/wp-json\/wp\/v2\/comments?post=51922"}],"version-history":[{"count":1,"href":"https:\/\/www.sincomam.org.br\/index.php\/wp-json\/wp\/v2\/posts\/51922\/revisions"}],"predecessor-version":[{"id":51924,"href":"https:\/\/www.sincomam.org.br\/index.php\/wp-json\/wp\/v2\/posts\/51922\/revisions\/51924"}],"wp:featuredmedia":[{"embeddable":true,"href":"https:\/\/www.sincomam.org.br\/index.php\/wp-json\/wp\/v2\/media\/51923"}],"wp:attachment":[{"href":"https:\/\/www.sincomam.org.br\/index.php\/wp-json\/wp\/v2\/media?parent=51922"}],"wp:term":[{"taxonomy":"category","embeddable":true,"href":"https:\/\/www.sincomam.org.br\/index.php\/wp-json\/wp\/v2\/categories?post=51922"},{"taxonomy":"post_tag","embeddable":true,"href":"https:\/\/www.sincomam.org.br\/index.php\/wp-json\/wp\/v2\/tags?post=51922"}],"curies":[{"name":"wp","href":"https:\/\/api.w.org\/{rel}","templated":true}]}}