{"id":51897,"date":"2024-06-19T09:53:57","date_gmt":"2024-06-19T12:53:57","guid":{"rendered":"http:\/\/www.sincomam.org.br\/?p=51897"},"modified":"2024-06-19T09:53:57","modified_gmt":"2024-06-19T12:53:57","slug":"concurso-de-redacao-levara-estudantes-a-navio-de-pesquisa-mais-moderno-do-pais","status":"publish","type":"post","link":"https:\/\/www.sincomam.org.br\/index.php\/concurso-de-redacao-levara-estudantes-a-navio-de-pesquisa-mais-moderno-do-pais\/","title":{"rendered":"Concurso de Reda\u00e7\u00e3o levar\u00e1 estudantes a navio de pesquisa mais moderno do Pa\u00eds"},"content":{"rendered":"<p class=\"text-align-justify\">J\u00e1 pensou em visitar um dos navios de pesquisa mais modernos do Brasil e ainda conhecer o trabalho que define as \u00faltimas fronteiras do Pa\u00eds no mar? \u00c9 a experi\u00eancia que ter\u00e3o os primeiros colocados do 2\u00ba Concurso de Reda\u00e7\u00e3o organizado pelo Centro de Excel\u00eancia para o Mar Brasileiro (Cembra). O tema deste ano \u00e9 o Plano de Levantamento da Plataforma Continental Brasileira (LEPLAC) \u2013 \u00a0O Trabalho dos \u201cBandeirantes das Longitudes Salgadas\u201d, voltado para a defini\u00e7\u00e3o da fronteira leste do Brasil.<\/p>\n<p class=\"text-align-justify\">Poder\u00e3o concorrer \u00e0 premia\u00e7\u00e3o os alunos dos Ensinos Fundamental (6\u00ba ao 9\u00ba ano), M\u00e9dio e Superior, matriculados em institui\u00e7\u00f5es de ensino de todo o Brasil. Al\u00e9m de participarem da premia\u00e7\u00e3o a bordo do Navio de Pesquisa Hidroceanogr\u00e1fico (NPqHo) \u201cVital de Oliveira\u201d, da Marinha do Brasil, considerado um dos dez mais bem equipados Navios de Pesquisa do mundo e que realiza comiss\u00f5es em apoio ao LEPLAC, os vencedores receber\u00e3o um tablet, um diploma e um exemplar da 3\u00aa Edi\u00e7\u00e3o do Livro \u201cO Brasil e o Mar no S\u00e9culo XXI\u201d.<\/p>\n<p class=\"text-align-justify\">Os autores das dez melhores reda\u00e7\u00f5es de cada n\u00edvel ganhar\u00e3o um diploma de participa\u00e7\u00e3o e um exemplar da 3\u00aa Edi\u00e7\u00e3o do Livro \u201cO Brasil e o Mar no S\u00e9culo XXI\u201d. As reda\u00e7\u00f5es poder\u00e3o ser enviadas para o <a href=\"https:\/\/www.cembra.org.br\/concurso-redacao\" target=\"_blank\" rel=\"noopener\">site do Cembra<\/a> \u00a0de 24 de junho a 8 de setembro. Para saber mais detalhes, confira o <a href=\"https:\/\/www.cembra.org.br\/sites\/default\/files\/2024-06\/Regulamento%20do%202%C2%BA%20Concurso%20de%20Reda%C3%A7%C3%A3o.pdf\" target=\"_blank\" rel=\"noopener\">regulamento<\/a> do concurso.<\/p>\n<p class=\"text-align-justify\">Primeiro colocado do 1\u00ba Concurso de Reda\u00e7\u00e3o do Cembra na categoria Ensino Superior, o Aspirante Yuri Ricardo Silva do Amaral, da Escola Naval, do Rio de Janeiro, participou da premia\u00e7\u00e3o a bordo do \u00a0NPqHo \u201cVital de Oliveira\u201d e explicou sobre a experi\u00eancia de conhecer o trabalho exercido pelos militares da Marinha do Brasil.<\/p>\n<p class=\"text-align-justify\">\u201cSou extremamente grato pela oportunidade de me desafiar academicamente e de explorar um assunto de grande relev\u00e2ncia para a carreira naval. Conhecer o navio e a rotina dos Oficiais, sem d\u00favidas, motivou-me a considerar mais uma das milhares de possibilidades na Marinha: a Hidrografia. Al\u00e9m do fato de proporcionar ao meu pai a oportunidade de conhecer um dos navios mais modernos do Brasil\u201c, afirmou o Aspirante.<\/p>\n<p><strong>Amaz\u00f4nia Azul<\/strong><br \/>\n\u00c9 por meio do LEPLAC que o Brasil solicitou reconhecimento internacional de uma \u00e1rea mar\u00edtima, que amplia para cerca de 5,7 milh\u00f5es de km\u00b2 as \u00e1guas jurisdicionais brasileiras. Trata-se da \u00a0\u201cAmaz\u00f4nia Azul\u201d, que representa um legado de fundamental import\u00e2ncia para o futuro das pr\u00f3ximas gera\u00e7\u00f5es.<\/p>\n<p>Fonte: Ag\u00eancia Marinha de Not\u00edcias<\/p>\n","protected":false},"excerpt":{"rendered":"<p>J\u00e1 pensou em visitar um dos navios de pesquisa mais modernos do Brasil e ainda conhecer o trabalho que define as \u00faltimas fronteiras do Pa\u00eds&#8230;<\/p>\n","protected":false},"author":1527,"featured_media":51898,"comment_status":"closed","ping_status":"closed","sticky":false,"template":"","format":"standard","meta":{"footnotes":""},"categories":[6],"tags":[],"class_list":["post-51897","post","type-post","status-publish","format-standard","has-post-thumbnail","hentry","category-noticias"],"_links":{"self":[{"href":"https:\/\/www.sincomam.org.br\/index.php\/wp-json\/wp\/v2\/posts\/51897","targetHints":{"allow":["GET"]}}],"collection":[{"href":"https:\/\/www.sincomam.org.br\/index.php\/wp-json\/wp\/v2\/posts"}],"about":[{"href":"https:\/\/www.sincomam.org.br\/index.php\/wp-json\/wp\/v2\/types\/post"}],"author":[{"embeddable":true,"href":"https:\/\/www.sincomam.org.br\/index.php\/wp-json\/wp\/v2\/users\/1527"}],"replies":[{"embeddable":true,"href":"https:\/\/www.sincomam.org.br\/index.php\/wp-json\/wp\/v2\/comments?post=51897"}],"version-history":[{"count":1,"href":"https:\/\/www.sincomam.org.br\/index.php\/wp-json\/wp\/v2\/posts\/51897\/revisions"}],"predecessor-version":[{"id":51899,"href":"https:\/\/www.sincomam.org.br\/index.php\/wp-json\/wp\/v2\/posts\/51897\/revisions\/51899"}],"wp:featuredmedia":[{"embeddable":true,"href":"https:\/\/www.sincomam.org.br\/index.php\/wp-json\/wp\/v2\/media\/51898"}],"wp:attachment":[{"href":"https:\/\/www.sincomam.org.br\/index.php\/wp-json\/wp\/v2\/media?parent=51897"}],"wp:term":[{"taxonomy":"category","embeddable":true,"href":"https:\/\/www.sincomam.org.br\/index.php\/wp-json\/wp\/v2\/categories?post=51897"},{"taxonomy":"post_tag","embeddable":true,"href":"https:\/\/www.sincomam.org.br\/index.php\/wp-json\/wp\/v2\/tags?post=51897"}],"curies":[{"name":"wp","href":"https:\/\/api.w.org\/{rel}","templated":true}]}}