{"id":51707,"date":"2024-06-07T08:42:23","date_gmt":"2024-06-07T11:42:23","guid":{"rendered":"http:\/\/www.sincomam.org.br\/?p=51707"},"modified":"2024-06-07T08:42:23","modified_gmt":"2024-06-07T11:42:23","slug":"russia-fara-exercicios-navais-em-cuba-eua-vao-monitorar","status":"publish","type":"post","link":"https:\/\/www.sincomam.org.br\/index.php\/russia-fara-exercicios-navais-em-cuba-eua-vao-monitorar\/","title":{"rendered":"R\u00fassia far\u00e1 exerc\u00edcios navais em Cuba; EUA v\u00e3o monitorar"},"content":{"rendered":"<div id=\"chunk-djcbn\">\n<div class=\"mc-column content-text active-extra-styles \" data-block-type=\"unstyled\" data-block-weight=\"25\" data-block-id=\"2\"><\/div>\n<\/div>\n<div class=\"wall protected-content\">\n<div id=\"chunk-3mg1f\">\n<div class=\"content-ads content-ads--reveal\" data-block-type=\"ads\" data-block-id=\"7\">\n<div id=\"banner_materia2\" class=\"tag-manager-publicidade-container mc-has-reveal mc-has-ad-lazyload tag-manager-publicidade-banner_materia2 tag-manager-publicidade-container--carregado tag-manager-publicidade-container--visivel\" data-id=\"banner_materia2\" data-google-query-id=\"CL_Qr6KzyYYDFTOilQIdfKUvXQ\">\n<div id=\"chunk-9398h\">\n<div class=\"row medium-uncollapsed content-media content-photo\" data-block-type=\"backstage-photo\" data-block-id=\"9\">\n<div class=\" mc-column  content-media__container\">\n<div class=\"content-media-container glb-skeleton-box\">\n<div id=\"chunk-vphr\">\n<div class=\"content-ads content-ads--reveal\" data-block-type=\"ads\" data-block-id=\"12\">\n<div id=\"banner_materia__3123de46-88d6-4ea8-9c34-f80138d7e40e\" class=\"tag-manager-publicidade-container mc-has-reveal mc-has-ad-lazyload tag-manager-publicidade-banner_materia__3123de46-88d6-4ea8-9c34-f80138d7e40e tag-manager-publicidade-container--carregado tag-manager-publicidade-container--visivel\" data-id=\"banner_materia__3123de46-88d6-4ea8-9c34-f80138d7e40e\" data-google-query-id=\"CIqY1qKzyYYDFf2klQIdaGkEqQ\">\n<div id=\"chunk-6o4a1\">\n<div class=\"mc-column content-text active-extra-styles \" data-block-type=\"unstyled\" data-block-weight=\"29\" data-block-id=\"15\">\n<div id=\"chunk-dr5q5\">\n<div class=\"content-ads content-ads--reveal\" data-block-type=\"ads\" data-block-id=\"18\">\n<div id=\"banner_materia__62aa83d0-5ec6-4ee6-abad-170c4679e72e\" class=\"tag-manager-publicidade-container mc-has-reveal mc-has-ad-lazyload tag-manager-publicidade-banner_materia__62aa83d0-5ec6-4ee6-abad-170c4679e72e tag-manager-publicidade-container--carregado tag-manager-publicidade-container--visivel\" data-id=\"banner_materia__62aa83d0-5ec6-4ee6-abad-170c4679e72e\" data-google-query-id=\"COWcp7CzyYYDFdenlQIdHmQJ9Q\">\n<div id=\"chunk-5olqa\">\n<div class=\"mc-column content-text active-extra-styles \" data-block-type=\"unstyled\" data-block-weight=\"31\" data-block-id=\"22\">\n<div id=\"chunk-a2f32\">\n<div id=\"chunk-7j7vt\">\n<div class=\"mc-column content-text active-extra-styles \" data-block-type=\"unstyled\" data-block-weight=\"29\" data-block-id=\"31\">\n<div id=\"chunk-bvca8\">\n<div class=\"mc-column content-text active-extra-styles \" data-block-type=\"unstyled\" data-block-weight=\"29\" data-block-id=\"34\">\n<div id=\"chunk-bioi1\">\n<div class=\"row medium-uncollapsed content-media content-photo\" data-block-type=\"backstage-photo\" data-block-id=\"44\">\n<div data-block-type=\"unstyled\" data-block-weight=\"51\" data-block-id=\"49\">\n<div id=\"chunk-8dvs5\">\n<div class=\"mc-column content-text active-extra-styles \" data-block-type=\"unstyled\" data-block-weight=\"19\" data-block-id=\"53\">\n<p class=\" content-text__container \" data-track-category=\"Link no Texto\" data-track-links=\"\" data-mrf-recirculation=\"Article links\">O governo de\u00a0Cuba\u00a0afirmou nesta quinta-feira (6) que\u00a0navios de guerra da R\u00fassia\u00a0v\u00e3o chegar ao litoral da ilha na semana que vem. Os cubanos disseram que as embarca\u00e7\u00f5es n\u00e3o levam armas nucleares e n\u00e3o s\u00e3o uma amea\u00e7a regional, mas a atividade ser\u00e1 monitorada por Washington.<\/p>\n<p data-track-category=\"Link no Texto\" data-track-links=\"\" data-mrf-recirculation=\"Article links\">Na quarta-feira (5),\u00a0uma autoridade do governo dos\u00a0Estados Unidos\u00a0afirmou que a\u00a0R\u00fassia\u00a0tinha planos para enviar embarca\u00e7\u00f5es de combate para a regi\u00e3o do Caribe para fazer exerc\u00edcios navais\u00a0\u2014o oficial americano j\u00e1 havia citado a possibilidade de os navios irem para Cuba e tamb\u00e9m para a Venezuela.<\/p>\n<\/div>\n<p data-track-category=\"Link no Texto\" data-track-links=\"\" data-mrf-recirculation=\"Article links\">O Minist\u00e9rio de Rela\u00e7\u00f5es Exteriores de Cuba afirmou em nota que a visita est\u00e1 dentro das previs\u00f5es de regulamenta\u00e7\u00f5es internacionais e que\u00a0<span class=\"highlight highlighted\">se trata de opera\u00e7\u00e3o entre dois pa\u00edses com uma amizade hist\u00f3rica<\/span>.<\/p>\n<p data-track-category=\"Link no Texto\" data-track-links=\"\" data-mrf-recirculation=\"Article links\">Desde que a R\u00fassia invadiu a Ucr\u00e2nia, em fevereiro de 2022, a rela\u00e7\u00e3o do governo russo com os EUA piorou. Segundo autoridades americanas, \u00e9 comum que navios russos naveguem pelo Oceano Atl\u00e2ntico, mas desde o come\u00e7o da guerra essa atividade se intensificou.<\/p>\n<div id=\"chunk-gbek\">\n<div class=\"mc-column content-text active-extra-styles \" data-block-type=\"unstyled\" data-block-weight=\"31\" data-block-id=\"13\">\n<p class=\" content-text__container \" data-track-category=\"Link no Texto\" data-track-links=\"\" data-mrf-recirculation=\"Article links\">Os EUA n\u00e3o consideram a chegada de um pequeno n\u00famero de avi\u00f5es e navios uma amea\u00e7a, mas a Marinha americana vai monitorar os exerc\u00edcios, disse um oficial dos EUA na quarta-feira.<\/p>\n<\/div>\n<\/div>\n<div id=\"chunk-2g8iu\">\n<div class=\"mc-column content-text active-extra-styles \" data-block-type=\"unstyled\" data-block-weight=\"20\" data-block-id=\"14\">\n<p class=\" content-text__container \" data-track-category=\"Link no Texto\" data-track-links=\"\" data-mrf-recirculation=\"Article links\">Espera-se que os navios russos cheguem ao porto de Havana entre 12 e 17 de junho, segundo a declara\u00e7\u00e3o cubana.<\/p>\n<\/div>\n<\/div>\n<div id=\"chunk-1qck8\">\n<div class=\"mc-column content-text active-extra-styles\" data-block-type=\"raw\" data-block-weight=\"3\" data-block-id=\"15\">\n<div class=\"content-intertitle\">\n<h2>Guerra na Ucr\u00e2nia<\/h2>\n<\/div>\n<p>Desde o come\u00e7o da guerra, pa\u00edses do Ocidente deram armas para que a Ucr\u00e2nia se defendesse da invas\u00e3o russa.<\/p>\n<\/div>\n<\/div>\n<div id=\"chunk-o79f\">\n<div class=\"mc-column content-text active-extra-styles \" data-block-type=\"unstyled\" data-block-weight=\"20\" data-block-id=\"17\">\n<p class=\" content-text__container \" data-track-category=\"Link no Texto\" data-track-links=\"\" data-mrf-recirculation=\"Article links\">Recentemente, houve uma mudan\u00e7a: os governos desses pa\u00edses permitiram que as for\u00e7as ucranianas usem essas armas para atacar territ\u00f3rio russo.<\/p>\n<\/div>\n<\/div>\n<div id=\"chunk-7evrp\">\n<div class=\"mc-column content-text active-extra-styles \" data-block-type=\"unstyled\" data-block-weight=\"35\" data-block-id=\"18\">\n<p class=\" content-text__container \" data-track-category=\"Link no Texto\" data-track-links=\"\" data-mrf-recirculation=\"Article links\">Na quarta-feira, o presidente Vladimir Putin disse que essa decis\u00e3o \u00e9 uma escalada s\u00e9ria, e que, se essas armas forem empregadas, provavelmente isso ser\u00e1 feito com o uso de militares e sistemas dos pa\u00edses ocidentais.<\/p>\n<\/div>\n<\/div>\n<div id=\"chunk-ejtl3\">\n<div class=\"mc-column content-text active-extra-styles \" data-block-type=\"unstyled\" data-block-weight=\"38\" data-block-id=\"19\">\n<p class=\" content-text__container \" data-track-category=\"Link no Texto\" data-track-links=\"\" data-mrf-recirculation=\"Article links\">O presidente Joe Biden, dos EUA, n\u00e3o autorizou a Ucr\u00e2nia a usar\u00a0todas\u00a0as armas fornecidas pelos EUA contra territ\u00f3rio russo \u2014os m\u00edsseis ATACMS, que t\u00eam alcance de at\u00e9 300 km, n\u00e3o podem ser empregados contra a R\u00fassia.<\/p>\n<\/div>\n<\/div>\n<div id=\"chunk-2c0ob\">\n<div class=\"mc-column content-text active-extra-styles \" data-block-type=\"unstyled\" data-block-weight=\"29\" data-block-id=\"20\">\n<p class=\" content-text__container \" data-track-category=\"Link no Texto\" data-track-links=\"\" data-mrf-recirculation=\"Article links\">Putin afirmou que se forem usados ATACMS americanos ou m\u00edsseis Storm Shadow, do Reino Unido,\u00a0<span class=\"highlight highlighted\">Moscou vai responder de maneira mais forte<\/span>.<\/p>\n<p data-track-category=\"Link no Texto\" data-track-links=\"\" data-mrf-recirculation=\"Article links\">Fonte: G1<\/p>\n<\/div>\n<\/div>\n<\/div>\n<div id=\"chunk-6dgud\">\n<div class=\"tag-manager-publicidade-container mc-has-reveal mc-has-ad-lazyload tag-manager-publicidade-banner_materia__a15c8f9c-d9f2-46a0-a133-2bd8f06c05b7 tag-manager-publicidade-container--carregado tag-manager-publicidade-container--visivel\" data-id=\"banner_materia__a15c8f9c-d9f2-46a0-a133-2bd8f06c05b7\" data-google-query-id=\"CIfsoc-zyYYDFci5lQIdGOAHiA\"><\/div>\n<\/div>\n<\/div>\n<\/div>\n<\/div>\n<\/div>\n<\/div>\n<\/div>\n<\/div>\n<\/div>\n<\/div>\n<\/div>\n<\/div>\n<\/div>\n<\/div>\n<\/div>\n<\/div>\n<\/div>\n<\/div>\n<\/div>\n<\/div>\n<\/div>\n<\/div>\n<\/div>\n<\/div>\n<\/div>\n<\/div>\n<\/div>\n","protected":false},"excerpt":{"rendered":"<p>O governo de\u00a0Cuba\u00a0afirmou nesta quinta-feira (6) que\u00a0navios de guerra da R\u00fassia\u00a0v\u00e3o chegar ao litoral da ilha na semana que vem. Os cubanos disseram que as&#8230;<\/p>\n","protected":false},"author":1527,"featured_media":51708,"comment_status":"closed","ping_status":"closed","sticky":false,"template":"","format":"standard","meta":{"footnotes":""},"categories":[6],"tags":[],"class_list":["post-51707","post","type-post","status-publish","format-standard","has-post-thumbnail","hentry","category-noticias"],"_links":{"self":[{"href":"https:\/\/www.sincomam.org.br\/index.php\/wp-json\/wp\/v2\/posts\/51707","targetHints":{"allow":["GET"]}}],"collection":[{"href":"https:\/\/www.sincomam.org.br\/index.php\/wp-json\/wp\/v2\/posts"}],"about":[{"href":"https:\/\/www.sincomam.org.br\/index.php\/wp-json\/wp\/v2\/types\/post"}],"author":[{"embeddable":true,"href":"https:\/\/www.sincomam.org.br\/index.php\/wp-json\/wp\/v2\/users\/1527"}],"replies":[{"embeddable":true,"href":"https:\/\/www.sincomam.org.br\/index.php\/wp-json\/wp\/v2\/comments?post=51707"}],"version-history":[{"count":1,"href":"https:\/\/www.sincomam.org.br\/index.php\/wp-json\/wp\/v2\/posts\/51707\/revisions"}],"predecessor-version":[{"id":51709,"href":"https:\/\/www.sincomam.org.br\/index.php\/wp-json\/wp\/v2\/posts\/51707\/revisions\/51709"}],"wp:featuredmedia":[{"embeddable":true,"href":"https:\/\/www.sincomam.org.br\/index.php\/wp-json\/wp\/v2\/media\/51708"}],"wp:attachment":[{"href":"https:\/\/www.sincomam.org.br\/index.php\/wp-json\/wp\/v2\/media?parent=51707"}],"wp:term":[{"taxonomy":"category","embeddable":true,"href":"https:\/\/www.sincomam.org.br\/index.php\/wp-json\/wp\/v2\/categories?post=51707"},{"taxonomy":"post_tag","embeddable":true,"href":"https:\/\/www.sincomam.org.br\/index.php\/wp-json\/wp\/v2\/tags?post=51707"}],"curies":[{"name":"wp","href":"https:\/\/api.w.org\/{rel}","templated":true}]}}