{"id":51700,"date":"2024-06-07T08:29:33","date_gmt":"2024-06-07T11:29:33","guid":{"rendered":"http:\/\/www.sincomam.org.br\/?p=51700"},"modified":"2024-06-07T08:29:39","modified_gmt":"2024-06-07T11:29:39","slug":"servico-geologico-do-brasil-confirma-baixa-probabilidade-de-cheias-no-amazonas-ate-agosto","status":"publish","type":"post","link":"https:\/\/www.sincomam.org.br\/index.php\/servico-geologico-do-brasil-confirma-baixa-probabilidade-de-cheias-no-amazonas-ate-agosto\/","title":{"rendered":"Servi\u00e7o Geol\u00f3gico do Brasil confirma baixa probabilidade de cheias no Amazonas at\u00e9 agosto"},"content":{"rendered":"<p>O 3\u00ba Alerta de Cheias do Amazonas, realizado nesta quinta-feira (6), pelo Servi\u00e7o Geol\u00f3gico do Brasil (SGB), confirmou baixas probabilidades de cheias severas nos rios Negro, Solim\u00f5es e Amazonas. A divulga\u00e7\u00e3o \u00e9 a \u00faltima do per\u00edodo de cheias da regi\u00e3o, que teve in\u00edcio em outubro de 2023 e se estende at\u00e9 o m\u00eas de agosto de 2024.<\/p>\n<p>Os dados s\u00e3o da Rede Hidrometeorol\u00f3gica Nacional e re\u00fanem informa\u00e7\u00f5es dos sistemas de alerta nas cidades de Manaus (Rio Negro), Manacapuru (Rio Solim\u00f5es), Itacoatiara (Rio Amazonas) e Parintins (Rio Amazonas). De acordo com o SGB, na regi\u00e3o vivem 8 milh\u00f5es de pessoas em 84 cidades.<\/p>\n<p>Para a cidade de Manaus (Rio Negro), a previs\u00e3o da m\u00e9dia de cheia \u00e9 26,88 metros, ficando abaixo da cota de alerta de 27 metros, com probabilidade de 52% de ultrapassar essa cota e atingir m\u00e1xima de 27,38 metros. Para a regi\u00e3o metropolitana, monitorada pelo sistema de Manacapuru (Rio Solim\u00f5es), a cota m\u00e9dia ficou em 17,79 metros, com m\u00e1xima de 18,22 metros, um pouco acima da cota de alerta, que \u00e9 17,70 metros.<\/p>\n<p>No sistema de Itacoatiara (Rio Amazonas), a previs\u00e3o m\u00e9dia ficou em 12,40 metros e a m\u00e1xima em 12,64, abaixo da normalidade, com menos de 1% de probabilidade de inunda\u00e7\u00e3o severa. Tamb\u00e9m o sistema de Parintins (Rio Amazonas), a m\u00e9dia tamb\u00e9m ficou abaixo da normalidade, em 7,17 metros, com m\u00e1xima de 7,29 metros, bastante distante da cota de alerta que \u00e9 de 8 metros.<\/p>\n<p>De acordo com Gustavo Ribeiro, pesquisador do Centro Gestor e Operacional do Sistema de Prote\u00e7\u00e3o da Amaz\u00f4nia (Censipam), o trimestre de junho a agosto tem previs\u00e3o de chuvas dentro da normalidade, com um alerta de baixos volumes para a parte sul da bacia do Amazonas, na regi\u00e3o do Rio Madeira e com chuva acima da m\u00e9dia, apenas no extremo norte.<\/p>\n<p>Segundo o pesquisador do Instituto Nacional de Pesquisas da Amaz\u00f4nia (Inpa), Renato Senna, a redu\u00e7\u00e3o significativa no volume de \u00e1gua na regi\u00e3o, foi influenciada pelo fato da esta\u00e7\u00e3o chuvosa ter iniciado ainda durante a atua\u00e7\u00e3o do El Ni\u00f1o e com um aquecimento bastante at\u00edpico do Oceano Atl\u00e2ntico Tropical Norte. \u201cEstamos h\u00e1 12 meses com precipita\u00e7\u00e3o abaixo da climatologia em quase toda a Bacia Amaz\u00f4nica\u201d, explica.<\/p>\n<p>De acordo com as previs\u00f5es, embora haja uma perspectiva de atua\u00e7\u00e3o do La Ni\u00f1a (resfriamento das \u00e1guas do Oceano Pac\u00edfico) que favorecer\u00e1 chuvas para a regi\u00e3o, isso s\u00f3 acontecer\u00e1 no in\u00edcio da pr\u00f3xima esta\u00e7\u00e3o chuvosa, a partir de outubro. Por essa raz\u00e3o, a pesquisadora do SGB, Jussara Cury, alerta que mesmo o per\u00edodo de cheia sendo mais extenso e contemplando a maior parte do ciclo hidrol\u00f3gico na regi\u00e3o, a vazante \u00e9 per\u00edodo que mais preocupa pelos baixos volumes de chuvas, que podem desfavorecer o abastecimento das cidades dependentes do transporte fluvial. \u201cTodo o mercado, todo o abastecimento, todos ficam preocupados se vai passar navio, ou n\u00e3o\u201d, diz.<\/p>\n<p>Na compara\u00e7\u00e3o com anos anteriores que tiveram El Ni\u00f1o seguido de La Ni\u00f1a, a pesquisadora chama aten\u00e7\u00e3o para tr\u00eas regi\u00f5es que j\u00e1 chama a aten\u00e7\u00e3o nas previs\u00f5es para o trimestre que acaba em agosto, com um alerta para o Rio Madeira, na regi\u00e3o de Porto Velho (RO) e a reg\u00e3o do meio da bacia, com ponto de cuidado para Itacoatiara (AM), onde o volume de \u00e1gua n\u00e3o chegou na faixa da normalidade e h\u00e1 uma tend\u00eancia de decida no volume de chuvas.<\/p>\n<p>Fonte: Ag\u00eancia Brasil<\/p>\n","protected":false},"excerpt":{"rendered":"<p>O 3\u00ba Alerta de Cheias do Amazonas, realizado nesta quinta-feira (6), pelo Servi\u00e7o Geol\u00f3gico do Brasil (SGB), confirmou baixas probabilidades de cheias severas nos rios&#8230;<\/p>\n","protected":false},"author":1527,"featured_media":51701,"comment_status":"closed","ping_status":"closed","sticky":false,"template":"","format":"standard","meta":{"footnotes":""},"categories":[6],"tags":[],"class_list":["post-51700","post","type-post","status-publish","format-standard","has-post-thumbnail","hentry","category-noticias"],"_links":{"self":[{"href":"https:\/\/www.sincomam.org.br\/index.php\/wp-json\/wp\/v2\/posts\/51700","targetHints":{"allow":["GET"]}}],"collection":[{"href":"https:\/\/www.sincomam.org.br\/index.php\/wp-json\/wp\/v2\/posts"}],"about":[{"href":"https:\/\/www.sincomam.org.br\/index.php\/wp-json\/wp\/v2\/types\/post"}],"author":[{"embeddable":true,"href":"https:\/\/www.sincomam.org.br\/index.php\/wp-json\/wp\/v2\/users\/1527"}],"replies":[{"embeddable":true,"href":"https:\/\/www.sincomam.org.br\/index.php\/wp-json\/wp\/v2\/comments?post=51700"}],"version-history":[{"count":2,"href":"https:\/\/www.sincomam.org.br\/index.php\/wp-json\/wp\/v2\/posts\/51700\/revisions"}],"predecessor-version":[{"id":51703,"href":"https:\/\/www.sincomam.org.br\/index.php\/wp-json\/wp\/v2\/posts\/51700\/revisions\/51703"}],"wp:featuredmedia":[{"embeddable":true,"href":"https:\/\/www.sincomam.org.br\/index.php\/wp-json\/wp\/v2\/media\/51701"}],"wp:attachment":[{"href":"https:\/\/www.sincomam.org.br\/index.php\/wp-json\/wp\/v2\/media?parent=51700"}],"wp:term":[{"taxonomy":"category","embeddable":true,"href":"https:\/\/www.sincomam.org.br\/index.php\/wp-json\/wp\/v2\/categories?post=51700"},{"taxonomy":"post_tag","embeddable":true,"href":"https:\/\/www.sincomam.org.br\/index.php\/wp-json\/wp\/v2\/tags?post=51700"}],"curies":[{"name":"wp","href":"https:\/\/api.w.org\/{rel}","templated":true}]}}