{"id":51638,"date":"2024-06-04T08:35:56","date_gmt":"2024-06-04T11:35:56","guid":{"rendered":"http:\/\/www.sincomam.org.br\/?p=51638"},"modified":"2024-06-04T08:35:56","modified_gmt":"2024-06-04T11:35:56","slug":"forcas-armadas-resgatam-recem-nascida-em-rio-grande-rs","status":"publish","type":"post","link":"https:\/\/www.sincomam.org.br\/index.php\/forcas-armadas-resgatam-recem-nascida-em-rio-grande-rs\/","title":{"rendered":"For\u00e7as Armadas resgatam rec\u00e9m-nascida em Rio Grande (RS)"},"content":{"rendered":"<p class=\"text-align-justify\">Uma rec\u00e9m-nascida, com tr\u00eas dias de vida, foi transportada do munic\u00edpio de Rio Grande (RS) para Porto Alegre, a fim de receber tratamento especializado neurocir\u00fargico. A Evacua\u00e7\u00e3o Aerom\u00e9dica foi realizada por um helic\u00f3ptero UH-15 da Marinha do Brasil, com o apoio de uma equipe m\u00e9dica da For\u00e7a A\u00e9rea Brasileira (FAB). Uma ambul\u00e2ncia do SAMU completou o transporte da menina at\u00e9 o Hospital Santo Ant\u00f4nio do Complexo Hospitalar da Santa Casa de Porto Alegre.<\/p>\n<p class=\"text-align-justify\">O Comandante da aeronave, Capit\u00e3o de Corveta Douglas Paiva Aguiar, deu detalhes sobre o emprego da equipe, que partiu da Base A\u00e9rea de Canoas para cumprir essa miss\u00e3o. \u201cO nosso acionamento foi pr\u00f3ximo do p\u00f4r do sol. Por isso, tivemos que utilizar a capacidade dos \u00f3culos de vis\u00e3o noturna para o pouso em Porto Alegre, para que a paciente tivesse melhor suporte das necessidades m\u00e9dicas\u201d, destacou o Comandante Paiva Aguiar.<\/p>\n<p class=\"text-align-justify\">O Coordenador da equipe m\u00e9dica da FAB, Capit\u00e3o (M\u00e9dico) Vinicius Guimar\u00e3es Tinoco Ayres, explicou que \u201co beb\u00ea possui uma m\u00e1 forma\u00e7\u00e3o grave na medula lombossacra, que ocasiona aumento da press\u00e3o no sistema nervoso central, e, por isso, precisou de uma neurocirurgia especializada em um centro de alta complexidade em Porto Alegre\u201d, destacou.<\/p>\n<p class=\"text-align-justify\">Mais de 71 mil pessoas j\u00e1 foram resgatadas pelas For\u00e7as Armadas por via a\u00e9rea, fluvial e terrestre, no contexto da Opera\u00e7\u00e3o \u201cTaquari 2\u201d em apoio ao RS. Dessas miss\u00f5es, muitas exigiram um alto n\u00edvel de interoperabilidade entre as For\u00e7as.<\/p>\n<h5 class=\"text-align-justify\">Opera\u00e7\u00e3o \u201cTaquari 2\u201d<\/h5>\n<p class=\"text-align-justify\">Desde o dia 30 de abril, militares da Marinha atuam nas cidades ga\u00fachas atingidas pelas chuvas. A For\u00e7a Naval emprega helic\u00f3pteros, navios, embarca\u00e7\u00f5es e viaturas para prestar aux\u00edlio \u00e0 popula\u00e7\u00e3o ga\u00facha e j\u00e1 realizou o transporte de mais de 400 toneladas de donativos e 130 mil litros de \u00e1gua engarrafada.<\/p>\n<p class=\"text-align-justify\">Um Grupamento Operativo de Fuzileiros Navais em Apoio \u00e0 Defesa Civil tamb\u00e9m foi enviado ao RS, onde est\u00e1 atuando no resgate de pessoas, transporte de material, desobstru\u00e7\u00e3o de vias, recupera\u00e7\u00e3o de estruturas, no apoio \u00e0s for\u00e7as locais de Seguran\u00e7a P\u00fablica e no fornecimento de \u00e1gua pot\u00e1vel, com o uso de duas esta\u00e7\u00f5es m\u00f3veis de tratamento de \u00e1gua que somam a capacidade de 20 mil litros por hora.<\/p>\n<p>Fonte: Ag\u00eancia Marinha do Not\u00edcias<\/p>\n","protected":false},"excerpt":{"rendered":"<p>Uma rec\u00e9m-nascida, com tr\u00eas dias de vida, foi transportada do munic\u00edpio de Rio Grande (RS) para Porto Alegre, a fim de receber tratamento especializado neurocir\u00fargico&#8230;.<\/p>\n","protected":false},"author":1527,"featured_media":51639,"comment_status":"closed","ping_status":"closed","sticky":false,"template":"","format":"standard","meta":{"footnotes":""},"categories":[6],"tags":[],"class_list":["post-51638","post","type-post","status-publish","format-standard","has-post-thumbnail","hentry","category-noticias"],"_links":{"self":[{"href":"https:\/\/www.sincomam.org.br\/index.php\/wp-json\/wp\/v2\/posts\/51638","targetHints":{"allow":["GET"]}}],"collection":[{"href":"https:\/\/www.sincomam.org.br\/index.php\/wp-json\/wp\/v2\/posts"}],"about":[{"href":"https:\/\/www.sincomam.org.br\/index.php\/wp-json\/wp\/v2\/types\/post"}],"author":[{"embeddable":true,"href":"https:\/\/www.sincomam.org.br\/index.php\/wp-json\/wp\/v2\/users\/1527"}],"replies":[{"embeddable":true,"href":"https:\/\/www.sincomam.org.br\/index.php\/wp-json\/wp\/v2\/comments?post=51638"}],"version-history":[{"count":1,"href":"https:\/\/www.sincomam.org.br\/index.php\/wp-json\/wp\/v2\/posts\/51638\/revisions"}],"predecessor-version":[{"id":51640,"href":"https:\/\/www.sincomam.org.br\/index.php\/wp-json\/wp\/v2\/posts\/51638\/revisions\/51640"}],"wp:featuredmedia":[{"embeddable":true,"href":"https:\/\/www.sincomam.org.br\/index.php\/wp-json\/wp\/v2\/media\/51639"}],"wp:attachment":[{"href":"https:\/\/www.sincomam.org.br\/index.php\/wp-json\/wp\/v2\/media?parent=51638"}],"wp:term":[{"taxonomy":"category","embeddable":true,"href":"https:\/\/www.sincomam.org.br\/index.php\/wp-json\/wp\/v2\/categories?post=51638"},{"taxonomy":"post_tag","embeddable":true,"href":"https:\/\/www.sincomam.org.br\/index.php\/wp-json\/wp\/v2\/tags?post=51638"}],"curies":[{"name":"wp","href":"https:\/\/api.w.org\/{rel}","templated":true}]}}