{"id":51629,"date":"2024-06-04T08:15:49","date_gmt":"2024-06-04T11:15:49","guid":{"rendered":"http:\/\/www.sincomam.org.br\/?p=51629"},"modified":"2024-06-04T08:15:49","modified_gmt":"2024-06-04T11:15:49","slug":"stf-marca-para-dia-12-julgamento-sobre-correcao-do-fgts","status":"publish","type":"post","link":"https:\/\/www.sincomam.org.br\/index.php\/stf-marca-para-dia-12-julgamento-sobre-correcao-do-fgts\/","title":{"rendered":"STF marca para dia 12 julgamento sobre corre\u00e7\u00e3o do FGTS"},"content":{"rendered":"<p>O presidente do Supremo Tribunal Federal (STF), Lu\u00eds Roberto Barroso, marcou para 12 de junho a retomada do julgamento sobre a legalidade do uso da Taxa Referencial (TR) para corre\u00e7\u00e3o das contas do Fundo de Garantia do Tempo de Servi\u00e7o (FGTS).<\/p>\n<p>A discuss\u00e3o sobre o \u00edndice de corre\u00e7\u00e3o das contas do fundo foi interrompida em novembro do ano passado, ap\u00f3s pedido de vista (mais tempo para an\u00e1lise) feito pelo ministro Cristiano Zanin. O processo foi devolvido para julgamento no dia 25 de mar\u00e7o.<\/p>\n<p>O\u00a0processo chegou a entrar na pauta do Supremo no in\u00edcio de abril, mas acabou n\u00e3o sendo chamada a julgamento.<\/p>\n<p>At\u00e9 o momento, o placar \u00e9 de 3 votos a 0 para considerar inconstitucional\u00a0o uso da TR para remunerar as contas dos trabalhadores. Votaram nesse sentido o relator, Lu\u00eds Roberto Barroso, e os ministros Andr\u00e9 Mendon\u00e7a e Nunes Marques.<\/p>\n<h2>Governo<\/h2>\n<p>Neste ano, a Advocacia-Geral da Uni\u00e3o (AGU) enviou ao STF uma proposta para destravar o julgamento do caso. A sugest\u00e3o foi constru\u00edda ap\u00f3s consulta a centrais sindicais e outros \u00f3rg\u00e3os envolvidos na causa.<\/p>\n<p>Em nome do governo federal, a AGU defendeu que as contas do fundo garantam corre\u00e7\u00e3o m\u00ednima que assegure o valor do \u00cdndice Nacional de Pre\u00e7os ao Consumidor Amplo (IPCA), \u00edndice oficial da infla\u00e7\u00e3o.<\/p>\n<p>A proposta vale somente para novos dep\u00f3sitos a partir da decis\u00e3o do STF e n\u00e3o se aplicaria a valores retroativos.<\/p>\n<p>Para a AGU, deve ser mantido o atual c\u00e1lculo que determina a corre\u00e7\u00e3o com juros de 3% ao ano, o acr\u00e9scimo de distribui\u00e7\u00e3o de lucros do fundo, al\u00e9m da corre\u00e7\u00e3o pela TR. Contudo,\u00a0se o c\u00e1lculo atual n\u00e3o alcan\u00e7ar o IPCA, caberia ao Conselho Curador do FGTS estabelecer a forma de compensa\u00e7\u00e3o. O IPCA acumulado nos \u00faltimos 12 meses \u00e9 de 3,69%.<\/p>\n<h2>Entenda<\/h2>\n<p>O caso come\u00e7ou a ser julgado pelo Supremo a partir de uma a\u00e7\u00e3o protocolada em 2014 pelo partido Solidariedade. A legenda sustenta que a corre\u00e7\u00e3o pela TR, com rendimento pr\u00f3ximo de zero, por ano, n\u00e3o remunera adequadamente os correntistas, perdendo para a infla\u00e7\u00e3o real.<\/p>\n<p>Criado em 1966 para substituir a garantia de estabilidade no emprego, o fundo funciona como uma poupan\u00e7a compuls\u00f3ria e prote\u00e7\u00e3o financeira contra o desemprego. No caso de dispensa sem justa causa, o empregado recebe o saldo do FGTS, mais multa de 40% sobre o montante.<\/p>\n<p>Ap\u00f3s a entrada da a\u00e7\u00e3o no STF, novas leis come\u00e7aram a vigorar, e as contas passaram a ser corrigidas com juros de 3% ao ano e acr\u00e9scimo de distribui\u00e7\u00e3o de lucros do fundo, al\u00e9m da corre\u00e7\u00e3o pela TR. No entanto, a corre\u00e7\u00e3o continua abaixo da infla\u00e7\u00e3o.<\/p>\n<p>&nbsp;<\/p>\n<p>Fonte: Ag\u00eancia Brasil<\/p>\n","protected":false},"excerpt":{"rendered":"<p>O presidente do Supremo Tribunal Federal (STF), Lu\u00eds Roberto Barroso, marcou para 12 de junho a retomada do julgamento sobre a legalidade do uso da&#8230;<\/p>\n","protected":false},"author":1527,"featured_media":51630,"comment_status":"closed","ping_status":"closed","sticky":false,"template":"","format":"standard","meta":{"footnotes":""},"categories":[6],"tags":[],"class_list":["post-51629","post","type-post","status-publish","format-standard","has-post-thumbnail","hentry","category-noticias"],"_links":{"self":[{"href":"https:\/\/www.sincomam.org.br\/index.php\/wp-json\/wp\/v2\/posts\/51629","targetHints":{"allow":["GET"]}}],"collection":[{"href":"https:\/\/www.sincomam.org.br\/index.php\/wp-json\/wp\/v2\/posts"}],"about":[{"href":"https:\/\/www.sincomam.org.br\/index.php\/wp-json\/wp\/v2\/types\/post"}],"author":[{"embeddable":true,"href":"https:\/\/www.sincomam.org.br\/index.php\/wp-json\/wp\/v2\/users\/1527"}],"replies":[{"embeddable":true,"href":"https:\/\/www.sincomam.org.br\/index.php\/wp-json\/wp\/v2\/comments?post=51629"}],"version-history":[{"count":1,"href":"https:\/\/www.sincomam.org.br\/index.php\/wp-json\/wp\/v2\/posts\/51629\/revisions"}],"predecessor-version":[{"id":51631,"href":"https:\/\/www.sincomam.org.br\/index.php\/wp-json\/wp\/v2\/posts\/51629\/revisions\/51631"}],"wp:featuredmedia":[{"embeddable":true,"href":"https:\/\/www.sincomam.org.br\/index.php\/wp-json\/wp\/v2\/media\/51630"}],"wp:attachment":[{"href":"https:\/\/www.sincomam.org.br\/index.php\/wp-json\/wp\/v2\/media?parent=51629"}],"wp:term":[{"taxonomy":"category","embeddable":true,"href":"https:\/\/www.sincomam.org.br\/index.php\/wp-json\/wp\/v2\/categories?post=51629"},{"taxonomy":"post_tag","embeddable":true,"href":"https:\/\/www.sincomam.org.br\/index.php\/wp-json\/wp\/v2\/tags?post=51629"}],"curies":[{"name":"wp","href":"https:\/\/api.w.org\/{rel}","templated":true}]}}