{"id":51611,"date":"2024-06-03T06:10:35","date_gmt":"2024-06-03T09:10:35","guid":{"rendered":"http:\/\/www.sincomam.org.br\/?p=51611"},"modified":"2024-06-01T17:50:32","modified_gmt":"2024-06-01T20:50:32","slug":"declaracoes-de-ir-entregues-chegam-a-42-milhoes-e-superam-2023","status":"publish","type":"post","link":"https:\/\/www.sincomam.org.br\/index.php\/declaracoes-de-ir-entregues-chegam-a-42-milhoes-e-superam-2023\/","title":{"rendered":"Declara\u00e7\u00f5es de IR entregues chegam a 42 milh\u00f5es e superam 2023"},"content":{"rendered":"<p>O total de declara\u00e7\u00f5es de Imposto de Renda de Pessoas F\u00edsicas (IRPF) entregues neste ano foi de 42.421.153, ainda n\u00e3o alcan\u00e7ando a expectativa m\u00e1xima da Receita Federal (43 milh\u00f5es), mas ficando acima de 2023, quando 41,2 milh\u00f5es foram enviadas.<img decoding=\"async\" src=\"https:\/\/agenciabrasil.ebc.com.br\/ebc.png?id=1597989&amp;o=node\" \/><img decoding=\"async\" src=\"https:\/\/agenciabrasil.ebc.com.br\/ebc.gif?id=1597989&amp;o=node\" \/><\/p>\n<p>Assim como em todos os anos, um n\u00famero significativo de brasileiros deixou para entregar o IRPF no fim do prazo. Cerca de 4 milh\u00f5es de declara\u00e7\u00f5es foram enviadas entre os dias 30 e 31 de maio, os \u00faltimos para entrega.<\/p>\n<p>O n\u00famero de envios pode ter subido este ano devido \u00e0 maior disponibilidade de declara\u00e7\u00f5es pr\u00e9-preenchidas, que facilitam todo o procedimento e alcan\u00e7aram 75% dos contribuintes. No final, o recurso foi utilizado por 41% dos declarantes.<\/p>\n<p>Quem n\u00e3o entregou a declara\u00e7\u00e3o dentro do prazo fica sujeito a multa m\u00ednima de R$ 165,74, mas que pode chegar a 20% do valor devido, a depender do montante n\u00e3o declarado.<\/p>\n<p>O n\u00famero de declara\u00e7\u00f5es entregues\u00a0ainda pode aumentar, uma vez que a Receita, de modo extraordin\u00e1rio, prolongou para 30 de agosto o prazo para contribuintes do Rio Grande do Sul, em raz\u00e3o da trag\u00e9dia clim\u00e1tica que atinge o estado ga\u00facho desde o fim de abril, afetando mais de 2,3 milh\u00f5es de pessoas.<\/p>\n<h2>Doa\u00e7\u00f5es<\/h2>\n<p>Neste ano, aumentou tamb\u00e9m o n\u00famero de doa\u00e7\u00f5es feitas diretamente na declara\u00e7\u00e3o do Imposto de Renda. O valor global em 2024 chegou a R$ 330,43 milh\u00f5es, destinados por 237.081 contribuintes, acima dos R$ 283,75 milh\u00f5es alcan\u00e7ados no ano anterior.<\/p>\n<p>O estado que mais recebeu recursos neste ano foi o Rio Grande do Sul, com mais de R$ 86 milh\u00f5es direcionados a fundos e prote\u00e7\u00e3o a crian\u00e7as, adolescentes e idosos. Em seguida ficaram\u00a0S\u00e3o Paulo (R$ 68 milh\u00f5es) e Minas Gerais (R$ 34 milh\u00f5es).<\/p>\n<p>O dinheiro, na verdade, corresponde a impostos pagos que o contribuinte pode direcionar para causas que considere importantes. Podem ser destinados at\u00e9 6% do tributo devido, a serem aplicados em institui\u00e7\u00f5es e causas escolhidas. Essa \u00e9 uma das poucas formas de o cidad\u00e3o participar diretamente, sem intermedi\u00e1rios, da aplica\u00e7\u00e3o de recursos p\u00fablicos.<\/p>\n<p>Apesar do aumento, o n\u00famero de doa\u00e7\u00f5es segue bastante abaixo do potencial m\u00e1ximo. Caso todos os contribuintes indicassem o destino do dinheiro, a quantia direcionada chegaria a R$ 12,9 bilh\u00f5es.<\/p>\n<h2>Estat\u00edsticas<\/h2>\n<p>Das declara\u00e7\u00f5es entregues neste ano, 60,6% t\u00eam direito a alguma restitui\u00e7\u00e3o do IRPF. Os valores come\u00e7aram a ser\u00a0pagos nessa sexta-feira\u00a0(31). Foram desembolsados R$ 9,5 bilh\u00f5es a 5.562.065 contribuintes.<\/p>\n<p>Todo o valor, informou o Fisco, ir\u00e1 para contribuintes com prioridade no reembolso. Por causa das enchentes no Rio Grande do Sul, neste ano\u00a0os\u00a0contribuintes ga\u00fachos foram inclu\u00eddos na lista de prioridades.<\/p>\n<p>Em 2024, a m\u00e9dia de idade dos contribuintes ficou em 47 anos. Ainda, 18,9% de pessoas isentas enviaram a declara\u00e7\u00e3o do IPRF. Pela primeira vez, a fatia de contribuintes que preencheram a declara\u00e7\u00e3o de forma\u00a0<em>online<\/em>, diretamente na nuvem da Receita Federal, por meio\u00a0da plataforma SouGov, ficou acima de 10%. Outros 7,3% preencheram a declara\u00e7\u00e3o pelo celular. A maioria ainda utiliza o programa disponibilizado pelo le\u00e3o (82%).<\/p>\n<p>Fonte: Ag\u00eancia Brasil<\/p>\n","protected":false},"excerpt":{"rendered":"<p>O total de declara\u00e7\u00f5es de Imposto de Renda de Pessoas F\u00edsicas (IRPF) entregues neste ano foi de 42.421.153, ainda n\u00e3o alcan\u00e7ando a expectativa m\u00e1xima da&#8230;<\/p>\n","protected":false},"author":1527,"featured_media":51612,"comment_status":"closed","ping_status":"closed","sticky":false,"template":"","format":"standard","meta":{"footnotes":""},"categories":[6],"tags":[],"class_list":["post-51611","post","type-post","status-publish","format-standard","has-post-thumbnail","hentry","category-noticias"],"_links":{"self":[{"href":"https:\/\/www.sincomam.org.br\/index.php\/wp-json\/wp\/v2\/posts\/51611","targetHints":{"allow":["GET"]}}],"collection":[{"href":"https:\/\/www.sincomam.org.br\/index.php\/wp-json\/wp\/v2\/posts"}],"about":[{"href":"https:\/\/www.sincomam.org.br\/index.php\/wp-json\/wp\/v2\/types\/post"}],"author":[{"embeddable":true,"href":"https:\/\/www.sincomam.org.br\/index.php\/wp-json\/wp\/v2\/users\/1527"}],"replies":[{"embeddable":true,"href":"https:\/\/www.sincomam.org.br\/index.php\/wp-json\/wp\/v2\/comments?post=51611"}],"version-history":[{"count":1,"href":"https:\/\/www.sincomam.org.br\/index.php\/wp-json\/wp\/v2\/posts\/51611\/revisions"}],"predecessor-version":[{"id":51613,"href":"https:\/\/www.sincomam.org.br\/index.php\/wp-json\/wp\/v2\/posts\/51611\/revisions\/51613"}],"wp:featuredmedia":[{"embeddable":true,"href":"https:\/\/www.sincomam.org.br\/index.php\/wp-json\/wp\/v2\/media\/51612"}],"wp:attachment":[{"href":"https:\/\/www.sincomam.org.br\/index.php\/wp-json\/wp\/v2\/media?parent=51611"}],"wp:term":[{"taxonomy":"category","embeddable":true,"href":"https:\/\/www.sincomam.org.br\/index.php\/wp-json\/wp\/v2\/categories?post=51611"},{"taxonomy":"post_tag","embeddable":true,"href":"https:\/\/www.sincomam.org.br\/index.php\/wp-json\/wp\/v2\/tags?post=51611"}],"curies":[{"name":"wp","href":"https:\/\/api.w.org\/{rel}","templated":true}]}}