{"id":51583,"date":"2024-05-31T08:12:53","date_gmt":"2024-05-31T11:12:53","guid":{"rendered":"http:\/\/www.sincomam.org.br\/?p=51583"},"modified":"2024-05-31T08:12:53","modified_gmt":"2024-05-31T11:12:53","slug":"agencia-apresenta-projeto-do-rio-madeira-para-possiveis-investidores","status":"publish","type":"post","link":"https:\/\/www.sincomam.org.br\/index.php\/agencia-apresenta-projeto-do-rio-madeira-para-possiveis-investidores\/","title":{"rendered":"Ag\u00eancia apresenta projeto do Rio Madeira para poss\u00edveis investidores"},"content":{"rendered":"<p dir=\"ltr\">A Ag\u00eancia Nacional de Transportes Aquavi\u00e1rios (ANTAQ) apresentou, nesta ter\u00e7a-feira (28), os detalhes do projeto de concess\u00e3o do Rio Madeira para poss\u00edveis investidores. Esse \u00e9 um dos empreendimentos considerados priorit\u00e1rios pela Ag\u00eancia.<\/p>\n<p dir=\"ltr\">Com a concess\u00e3o, ficou pr\u00e9-definido que somente ser\u00e1 feita a cobran\u00e7a de tarifa para a movimenta\u00e7\u00e3o de cargas quando a concession\u00e1ria come\u00e7ar a prestar o servi\u00e7o. Em rela\u00e7\u00e3o ao transporte de passageiros n\u00e3o haver\u00e1 cobran\u00e7a de tarifa.<\/p>\n<p dir=\"ltr\">A previs\u00e3o de investimento para a hidrovia \u00e9 de R$ 109 milh\u00f5es. O contrato de concess\u00e3o ser\u00e1 de 12 anos, com possibilidade de prorroga\u00e7\u00e3o do prazo por igual per\u00edodo.<\/p>\n<p dir=\"ltr\">A expectativa \u00e9 que o Rio Madeira transporte 400 mil passageiros ao ano j\u00e1 em 2026. Al\u00e9m disso, essa via tamb\u00e9m \u00e9 fundamental para o escoamento de gr\u00e3os produzidos em Rond\u00f4nia e no Noroeste e Sudoeste do Mato Grosso, via BR-364.<\/p>\n<p dir=\"ltr\">A reuni\u00e3o foi conduzida pelo relator do projeto de concess\u00e3o, Wilson Lima Filho. Al\u00e9m dele, estavam presentes os diretores Caio Farias e Alber Vasconcelos.<\/p>\n<p dir=\"ltr\">Fonte: Antaq<\/p>\n","protected":false},"excerpt":{"rendered":"<p>A Ag\u00eancia Nacional de Transportes Aquavi\u00e1rios (ANTAQ) apresentou, nesta ter\u00e7a-feira (28), os detalhes do projeto de concess\u00e3o do Rio Madeira para poss\u00edveis investidores. Esse \u00e9&#8230;<\/p>\n","protected":false},"author":1527,"featured_media":51584,"comment_status":"closed","ping_status":"closed","sticky":false,"template":"","format":"standard","meta":{"footnotes":""},"categories":[6],"tags":[],"class_list":["post-51583","post","type-post","status-publish","format-standard","has-post-thumbnail","hentry","category-noticias"],"_links":{"self":[{"href":"https:\/\/www.sincomam.org.br\/index.php\/wp-json\/wp\/v2\/posts\/51583","targetHints":{"allow":["GET"]}}],"collection":[{"href":"https:\/\/www.sincomam.org.br\/index.php\/wp-json\/wp\/v2\/posts"}],"about":[{"href":"https:\/\/www.sincomam.org.br\/index.php\/wp-json\/wp\/v2\/types\/post"}],"author":[{"embeddable":true,"href":"https:\/\/www.sincomam.org.br\/index.php\/wp-json\/wp\/v2\/users\/1527"}],"replies":[{"embeddable":true,"href":"https:\/\/www.sincomam.org.br\/index.php\/wp-json\/wp\/v2\/comments?post=51583"}],"version-history":[{"count":1,"href":"https:\/\/www.sincomam.org.br\/index.php\/wp-json\/wp\/v2\/posts\/51583\/revisions"}],"predecessor-version":[{"id":51585,"href":"https:\/\/www.sincomam.org.br\/index.php\/wp-json\/wp\/v2\/posts\/51583\/revisions\/51585"}],"wp:featuredmedia":[{"embeddable":true,"href":"https:\/\/www.sincomam.org.br\/index.php\/wp-json\/wp\/v2\/media\/51584"}],"wp:attachment":[{"href":"https:\/\/www.sincomam.org.br\/index.php\/wp-json\/wp\/v2\/media?parent=51583"}],"wp:term":[{"taxonomy":"category","embeddable":true,"href":"https:\/\/www.sincomam.org.br\/index.php\/wp-json\/wp\/v2\/categories?post=51583"},{"taxonomy":"post_tag","embeddable":true,"href":"https:\/\/www.sincomam.org.br\/index.php\/wp-json\/wp\/v2\/tags?post=51583"}],"curies":[{"name":"wp","href":"https:\/\/api.w.org\/{rel}","templated":true}]}}