{"id":51580,"date":"2024-05-31T08:12:06","date_gmt":"2024-05-31T11:12:06","guid":{"rendered":"http:\/\/www.sincomam.org.br\/?p=51580"},"modified":"2024-05-31T08:12:06","modified_gmt":"2024-05-31T11:12:06","slug":"agencia-adota-novas-acoes-emergenciais-em-apoio-a-populacao-do-rio-grande-do-sul","status":"publish","type":"post","link":"https:\/\/www.sincomam.org.br\/index.php\/agencia-adota-novas-acoes-emergenciais-em-apoio-a-populacao-do-rio-grande-do-sul\/","title":{"rendered":"Ag\u00eancia adota novas a\u00e7\u00f5es emergenciais em apoio a popula\u00e7\u00e3o do Rio Grande do Sul"},"content":{"rendered":"<p>Na tentativa de continuar auxiliando as v\u00edtimas do Rio Grande do Sul, a Ag\u00eancia Nacional de Transportes Aquavi\u00e1rios (ANTAQ) publicou a\u00a0<a class=\"external-link\" title=\"\" href=\"https:\/\/juris.antaq.gov.br\/index.php\/2024\/05\/28\/115-2024\/\" target=\"_blank\" rel=\"noopener\" data-tippreview-enabled=\"false\" data-tippreview-image=\"\" data-tippreview-title=\"\">Resolu\u00e7\u00e3o ANTAQ n\u00b0 115\/2024<\/a>, que adota novas medidas regulat\u00f3rias.<\/p>\n<p>H\u00e1 duas semanas, a Ag\u00eancia havia oficializado algumas a\u00e7\u00f5es, como isentar ou dar descontos parciais nas tarifas de embarca\u00e7\u00f5es que contenham cargas para o estado, dar prioridade para embarca\u00e7\u00f5es com doa\u00e7\u00f5es para as v\u00edtimas das enchentes e flexibilizar os esquemas operacionais das Empresas Brasileiras de Navega\u00e7\u00e3o (EBNs) que operam no Rio Grande do Sul. Acesse\u00a0<a class=\"external-link\" title=\"\" href=\"https:\/\/www.gov.br\/antaq\/pt-br\/noticias\/2024\/antaq-oficializou-medidas-regulatorias-em-apoio-a-populacao-gaucha\" target=\"_blank\" rel=\"noopener\" data-tippreview-enabled=\"false\" data-tippreview-image=\"\" data-tippreview-title=\"\">aqui<\/a>.<\/p>\n<p><strong>Novas determina\u00e7\u00f5es:<\/strong><br \/>\nA resolu\u00e7\u00e3o estabelece que os contratos de arrendamento, de uso tempor\u00e1rio e de ades\u00e3o cujo destino das cargas sejam provenientes ou destinadas ao Rio Grande do Sul podem movimentar a armazenar perfis de cargas distintos dos previstos contratualmente em car\u00e1ter especial e emergencial.<\/p>\n<p>Permite ainda a suspens\u00e3o da contagem do prazo de livre estadia do cont\u00eainer, quando a contagem de sobre-estadia n\u00e3o houver se iniciado, e que n\u00e3o sejam emitidas as cobran\u00e7as aos usu\u00e1rios nestes casos.<\/p>\n<p>Delegar para a \u00e1rea t\u00e9cnica de outorgas da Ag\u00eancia a compet\u00eancia de autorizar pedidos de afretamento por tempo para embarca\u00e7\u00f5es com origem ou destino aos portos do Rio Grando do Sul, considerando o interesse p\u00fablico da situa\u00e7\u00e3o do estado. Atualmente os pedidos que envolvem interesse p\u00fablico s\u00e3o analisados por essa \u00e1rea, mas \u00e9 necess\u00e1rio uma autoriza\u00e7\u00e3o por parte da Diretoria Colegiada. Com essa medida, ser\u00e1 poss\u00edvel dar celeridade aos processos de autoriza\u00e7\u00e3o de afretamento por tempo.<\/p>\n<p>Autoriza tamb\u00e9m que os registros de instala\u00e7\u00f5es de apoio, localizadas no estado do Rio Grande do Sul, possam utilizar em car\u00e1ter especial e emergencial equipamentos n\u00e3o permitidos. Essa medida vale para autoriza\u00e7\u00f5es que usam como base a\u00a0<a class=\"external-link\" title=\"\" href=\"https:\/\/juris.antaq.gov.br\/index.php\/2016\/10\/18\/resolucao-normativa-no-13-2016\/\" target=\"_blank\" rel=\"noopener\" data-tippreview-enabled=\"false\" data-tippreview-image=\"\" data-tippreview-title=\"\">Resolu\u00e7\u00e3o ANTAQ n\u00ba 13\/2016<\/a>\u00a0e os equipamentos permitidos est\u00e3o listados no Inciso V, art. 2\u00ba da norma.<\/p>\n<p>A Ag\u00eancia determinou ainda a suspens\u00e3o dos processos sancionat\u00f3rios envolvendo as instala\u00e7\u00f5es portu\u00e1rias e as an\u00e1lises de pedidos de reajuste de pre\u00e7os para as linhas do servi\u00e7o de transporte de travessia na navega\u00e7\u00e3o interior de compet\u00eancia federal de instala\u00e7\u00f5es localizadas no Rio Grande do Sul por 180 dias.<\/p>\n<p>A ANTAQ ressalta que todas as autoriza\u00e7\u00f5es da resolu\u00e7\u00e3o n\u00e3o desonera as autorizadas do atendimento \u00e0s exig\u00eancias junto \u00e0 Receita Federal do Brasil, \u00e0 Marinha do Brasil, ao Poder P\u00fablico Municipal, \u00e0 Autoridade Aduaneira, ao Corpo de Bombeiros local e ao \u00d3rg\u00e3o de Meio Ambiente.<\/p>\n<p>Fonte: Antaq<\/p>\n","protected":false},"excerpt":{"rendered":"<p>Na tentativa de continuar auxiliando as v\u00edtimas do Rio Grande do Sul, a Ag\u00eancia Nacional de Transportes Aquavi\u00e1rios (ANTAQ) publicou a\u00a0Resolu\u00e7\u00e3o ANTAQ n\u00b0 115\/2024, que&#8230;<\/p>\n","protected":false},"author":1527,"featured_media":51581,"comment_status":"closed","ping_status":"closed","sticky":false,"template":"","format":"standard","meta":{"footnotes":""},"categories":[6],"tags":[],"class_list":["post-51580","post","type-post","status-publish","format-standard","has-post-thumbnail","hentry","category-noticias"],"_links":{"self":[{"href":"https:\/\/www.sincomam.org.br\/index.php\/wp-json\/wp\/v2\/posts\/51580","targetHints":{"allow":["GET"]}}],"collection":[{"href":"https:\/\/www.sincomam.org.br\/index.php\/wp-json\/wp\/v2\/posts"}],"about":[{"href":"https:\/\/www.sincomam.org.br\/index.php\/wp-json\/wp\/v2\/types\/post"}],"author":[{"embeddable":true,"href":"https:\/\/www.sincomam.org.br\/index.php\/wp-json\/wp\/v2\/users\/1527"}],"replies":[{"embeddable":true,"href":"https:\/\/www.sincomam.org.br\/index.php\/wp-json\/wp\/v2\/comments?post=51580"}],"version-history":[{"count":1,"href":"https:\/\/www.sincomam.org.br\/index.php\/wp-json\/wp\/v2\/posts\/51580\/revisions"}],"predecessor-version":[{"id":51582,"href":"https:\/\/www.sincomam.org.br\/index.php\/wp-json\/wp\/v2\/posts\/51580\/revisions\/51582"}],"wp:featuredmedia":[{"embeddable":true,"href":"https:\/\/www.sincomam.org.br\/index.php\/wp-json\/wp\/v2\/media\/51581"}],"wp:attachment":[{"href":"https:\/\/www.sincomam.org.br\/index.php\/wp-json\/wp\/v2\/media?parent=51580"}],"wp:term":[{"taxonomy":"category","embeddable":true,"href":"https:\/\/www.sincomam.org.br\/index.php\/wp-json\/wp\/v2\/categories?post=51580"},{"taxonomy":"post_tag","embeddable":true,"href":"https:\/\/www.sincomam.org.br\/index.php\/wp-json\/wp\/v2\/tags?post=51580"}],"curies":[{"name":"wp","href":"https:\/\/api.w.org\/{rel}","templated":true}]}}