{"id":51565,"date":"2024-05-29T08:24:38","date_gmt":"2024-05-29T11:24:38","guid":{"rendered":"http:\/\/www.sincomam.org.br\/?p=51565"},"modified":"2024-05-29T08:24:38","modified_gmt":"2024-05-29T11:24:38","slug":"receita-desmente-fake-news-sobre-atualizacao-de-ativos-no-exterior","status":"publish","type":"post","link":"https:\/\/www.sincomam.org.br\/index.php\/receita-desmente-fake-news-sobre-atualizacao-de-ativos-no-exterior\/","title":{"rendered":"Receita desmente fake news sobre atualiza\u00e7\u00e3o de ativos no exterior"},"content":{"rendered":"<p>Os contribuintes que informarem voluntariamente os bens e direitos no exterior at\u00e9 a pr\u00f3xima sexta-feira (31) n\u00e3o estar\u00e3o sujeitos a uma fiscaliza\u00e7\u00e3o maior por parte do Fisco, esclareceu nesta ter\u00e7a-feira (28) a Receita Federal. O \u00f3rg\u00e3o desmentiu uma fake news segundo a qual quem aderir ao programa passar\u00e1 por uma auditoria especial.<\/p>\n<p>\u201cN\u00e3o h\u00e1 previs\u00e3o no plano de fiscaliza\u00e7\u00e3o, nem iniciativas planejadas nesse sentido, at\u00e9 porque a diretriz da Receita \u00e9 incentivar a ades\u00e3o ao programa, n\u00e3o o contr\u00e1rio. Ademais, para a maior parte dos casos, a guarda de documenta\u00e7\u00e3o h\u00e1bil que suporte do valor de mercado ser\u00e1 suficiente para assegurar o cumprimento do disposto em lei para ades\u00e3o ao programa\u201d, destacou a Receita Federal em nota.<\/p>\n<p>Prevista na\u00a0<a href=\"https:\/\/www.planalto.gov.br\/ccivil_03\/_ato2023-2026\/2023\/lei\/L14754.htm\" target=\"_blank\" rel=\"noopener\">Lei das Offshores<\/a>\u00a0e\u00a0regulamentada em mar\u00e7o, a informa\u00e7\u00e3o volunt\u00e1ria de bens e direitos no exterior permite aos contribuintes atualizar o valor de ativos em outros pa\u00edses pagando Imposto de Renda com al\u00edquota reduzida de 8%, at\u00e9 31 de maio. Quem n\u00e3o regularizar a situa\u00e7\u00e3o dentro do prazo, pagar\u00e1 al\u00edquota de 15%.<\/p>\n<p>Al\u00e9m da al\u00edquota reduzida, informou a Receita, o contribuinte ter\u00e1 mais seguran\u00e7a jur\u00eddica e estabilidade. Isso porque quem declarar e atualizar os valores de bens no exterior n\u00e3o estar\u00e1 suscet\u00edvel a futuras altera\u00e7\u00f5es na legisla\u00e7\u00e3o fiscal que possam vir a modificar de forma mais intensa a tributa\u00e7\u00e3o dos rendimentos de ativos no exterior.<\/p>\n<p>O prazo para atualiza\u00e7\u00e3o dos ativos no exterior expira nesta sexta-feira, exceto para os contribuintes com domic\u00edlio no Rio Grande do Sul. Por causa das enchentes no estado, o prazo para os contribuintes residentes em munic\u00edpios em estado de calamidade p\u00fablica passou para 30 de agosto.<\/p>\n<p>Fonte: Ag\u00eancia Brasil<\/p>\n","protected":false},"excerpt":{"rendered":"<p>Os contribuintes que informarem voluntariamente os bens e direitos no exterior at\u00e9 a pr\u00f3xima sexta-feira (31) n\u00e3o estar\u00e3o sujeitos a uma fiscaliza\u00e7\u00e3o maior por parte&#8230;<\/p>\n","protected":false},"author":1527,"featured_media":51566,"comment_status":"closed","ping_status":"closed","sticky":false,"template":"","format":"standard","meta":{"footnotes":""},"categories":[6],"tags":[],"class_list":["post-51565","post","type-post","status-publish","format-standard","has-post-thumbnail","hentry","category-noticias"],"_links":{"self":[{"href":"https:\/\/www.sincomam.org.br\/index.php\/wp-json\/wp\/v2\/posts\/51565","targetHints":{"allow":["GET"]}}],"collection":[{"href":"https:\/\/www.sincomam.org.br\/index.php\/wp-json\/wp\/v2\/posts"}],"about":[{"href":"https:\/\/www.sincomam.org.br\/index.php\/wp-json\/wp\/v2\/types\/post"}],"author":[{"embeddable":true,"href":"https:\/\/www.sincomam.org.br\/index.php\/wp-json\/wp\/v2\/users\/1527"}],"replies":[{"embeddable":true,"href":"https:\/\/www.sincomam.org.br\/index.php\/wp-json\/wp\/v2\/comments?post=51565"}],"version-history":[{"count":1,"href":"https:\/\/www.sincomam.org.br\/index.php\/wp-json\/wp\/v2\/posts\/51565\/revisions"}],"predecessor-version":[{"id":51567,"href":"https:\/\/www.sincomam.org.br\/index.php\/wp-json\/wp\/v2\/posts\/51565\/revisions\/51567"}],"wp:featuredmedia":[{"embeddable":true,"href":"https:\/\/www.sincomam.org.br\/index.php\/wp-json\/wp\/v2\/media\/51566"}],"wp:attachment":[{"href":"https:\/\/www.sincomam.org.br\/index.php\/wp-json\/wp\/v2\/media?parent=51565"}],"wp:term":[{"taxonomy":"category","embeddable":true,"href":"https:\/\/www.sincomam.org.br\/index.php\/wp-json\/wp\/v2\/categories?post=51565"},{"taxonomy":"post_tag","embeddable":true,"href":"https:\/\/www.sincomam.org.br\/index.php\/wp-json\/wp\/v2\/tags?post=51565"}],"curies":[{"name":"wp","href":"https:\/\/api.w.org\/{rel}","templated":true}]}}