{"id":51562,"date":"2024-05-29T08:23:30","date_gmt":"2024-05-29T11:23:30","guid":{"rendered":"http:\/\/www.sincomam.org.br\/?p=51562"},"modified":"2024-05-29T08:23:30","modified_gmt":"2024-05-29T11:23:30","slug":"marinha-reforca-seguranca-dos-cabos-submarinos-no-rio-de-janeiro","status":"publish","type":"post","link":"https:\/\/www.sincomam.org.br\/index.php\/marinha-reforca-seguranca-dos-cabos-submarinos-no-rio-de-janeiro\/","title":{"rendered":"MARINHA REFOR\u00c7A SEGURAN\u00c7A DOS CABOS SUBMARINOS NO RIO DE JANEIRO"},"content":{"rendered":"<p>Entre os dias 20 e 24 de maio, a\u00a0Marinha do Brasil\u00a0realizou um importante exerc\u00edcio de prote\u00e7\u00e3o aos\u00a0cabos submarinos\u00a0na \u00e1rea mar\u00edtima do Rio de Janeiro. Coordenado pelo\u00a0Comando Naval de Opera\u00e7\u00f5es Especiais (CoNavOpEsp)\u00a0e executado pelo\u00a0Comando em Chefe da Esquadra (ComemCh), o treinamento envolveu diversas unidades da Marinha, demonstrando a interoperabilidade essencial para a defesa das infraestruturas cr\u00edticas do pa\u00eds.<\/p>\n<div class=\"td-a-rec td-a-rec-id-content_inline tdi_2 td_block_template_11\">\n<p><strong>Import\u00e2ncia dos Cabos Submarinos<\/strong><\/p>\n<\/div>\n<p>Atualmente, cerca de\u00a099% das comunica\u00e7\u00f5es brasileiras\u00a0s\u00e3o feitas por meio de transmiss\u00e3o de dados por fibra \u00f3tica no leito dos oceanos, especialmente na regi\u00e3o conhecida como\u00a0Amaz\u00f4nia Azul. A complexidade dessa opera\u00e7\u00e3o representou um grande desafio durante o planejamento e execu\u00e7\u00e3o do exerc\u00edcio, mas a participa\u00e7\u00e3o integrada de v\u00e1rias organiza\u00e7\u00f5es militares foi crucial para o sucesso da miss\u00e3o.<\/p>\n<p><strong>Unidades Envolvidas<\/strong><\/p>\n<p>O exerc\u00edcio contou com a participa\u00e7\u00e3o de diversas unidades da Marinha, entre elas:<\/p>\n<ul>\n<li>Batalh\u00e3o de Opera\u00e7\u00f5es Especiais de Fuzileiros Navais<\/li>\n<li>Centro de Adestramento Almirante Marques de Le\u00e3o<\/li>\n<li>Centro de An\u00e1lises de Sistemas Navais<\/li>\n<li>Centro de Desenvolvimento Doutrin\u00e1rio de Guerra Naval<\/li>\n<li>Centro de Intelig\u00eancia da Marinha \u2013 Rio<\/li>\n<li>Centro de Guerra Ac\u00fastica e Eletr\u00f4nica da Marinha<\/li>\n<li>ComemCh<\/li>\n<li>Comando do 2\u00ba Esquadr\u00e3o de Escolta<\/li>\n<li>Comando da For\u00e7a de Fuzileiros da Esquadra (ComFFE)<\/li>\n<li>Comando da For\u00e7a de Submarinos<\/li>\n<li>Comando da For\u00e7a de Superf\u00edcie<\/li>\n<li>Comando de Opera\u00e7\u00f5es Mar\u00edtimas e Prote\u00e7\u00e3o da Amaz\u00f4nia Azul<\/li>\n<li>Comando do 1\u00ba Distrito Naval<\/li>\n<li>Grupamento de Mergulhadores de Combate<\/li>\n<li>Navio de Socorro Submarino Guillobel<\/li>\n<\/ul>\n<p><strong>Colabora\u00e7\u00e3o Interinstitucional<\/strong><\/p>\n<p>Al\u00e9m das unidades da Marinha, a opera\u00e7\u00e3o contou com a colabora\u00e7\u00e3o de outras entidades, como o\u00a0Gabinete de Seguran\u00e7a Institucional, a\u00a0Ag\u00eancia Nacional de Telecomunica\u00e7\u00f5es (Anatel), a\u00a0Ag\u00eancia Nacional de Comunica\u00e7\u00f5es de Portugal, a\u00a0Empresa de Telecomunica\u00e7\u00f5es Claro, o\u00a0Instituto Chico Mendes de Conserva\u00e7\u00e3o de Biodiversidade\u00a0e o\u00a0Comando de Defesa Cibern\u00e9tica.<\/p>\n<p>Resultados e Pioneirismo<\/p>\n<p>O sucesso do exerc\u00edcio demonstra o pioneirismo e a capacidade da\u00a0Marinha do Brasil\u00a0em proteger infraestruturas cr\u00edticas, como as telecomunica\u00e7\u00f5es, que s\u00e3o vitais para o funcionamento do pa\u00eds. Essa a\u00e7\u00e3o reflete o compromisso cont\u00ednuo da Marinha em manter a plena capacidade operacional da\u00a0Amaz\u00f4nia Azul.<\/p>\n<p>Fonte: Defesa em Foco<\/p>\n","protected":false},"excerpt":{"rendered":"<p>Entre os dias 20 e 24 de maio, a\u00a0Marinha do Brasil\u00a0realizou um importante exerc\u00edcio de prote\u00e7\u00e3o aos\u00a0cabos submarinos\u00a0na \u00e1rea mar\u00edtima do Rio de Janeiro. Coordenado&#8230;<\/p>\n","protected":false},"author":1527,"featured_media":51563,"comment_status":"closed","ping_status":"closed","sticky":false,"template":"","format":"standard","meta":{"footnotes":""},"categories":[6],"tags":[],"class_list":["post-51562","post","type-post","status-publish","format-standard","has-post-thumbnail","hentry","category-noticias"],"_links":{"self":[{"href":"https:\/\/www.sincomam.org.br\/index.php\/wp-json\/wp\/v2\/posts\/51562","targetHints":{"allow":["GET"]}}],"collection":[{"href":"https:\/\/www.sincomam.org.br\/index.php\/wp-json\/wp\/v2\/posts"}],"about":[{"href":"https:\/\/www.sincomam.org.br\/index.php\/wp-json\/wp\/v2\/types\/post"}],"author":[{"embeddable":true,"href":"https:\/\/www.sincomam.org.br\/index.php\/wp-json\/wp\/v2\/users\/1527"}],"replies":[{"embeddable":true,"href":"https:\/\/www.sincomam.org.br\/index.php\/wp-json\/wp\/v2\/comments?post=51562"}],"version-history":[{"count":1,"href":"https:\/\/www.sincomam.org.br\/index.php\/wp-json\/wp\/v2\/posts\/51562\/revisions"}],"predecessor-version":[{"id":51564,"href":"https:\/\/www.sincomam.org.br\/index.php\/wp-json\/wp\/v2\/posts\/51562\/revisions\/51564"}],"wp:featuredmedia":[{"embeddable":true,"href":"https:\/\/www.sincomam.org.br\/index.php\/wp-json\/wp\/v2\/media\/51563"}],"wp:attachment":[{"href":"https:\/\/www.sincomam.org.br\/index.php\/wp-json\/wp\/v2\/media?parent=51562"}],"wp:term":[{"taxonomy":"category","embeddable":true,"href":"https:\/\/www.sincomam.org.br\/index.php\/wp-json\/wp\/v2\/categories?post=51562"},{"taxonomy":"post_tag","embeddable":true,"href":"https:\/\/www.sincomam.org.br\/index.php\/wp-json\/wp\/v2\/tags?post=51562"}],"curies":[{"name":"wp","href":"https:\/\/api.w.org\/{rel}","templated":true}]}}